{"id":929,"date":"2011-09-16T13:39:35","date_gmt":"2011-09-16T11:39:35","guid":{"rendered":"http:\/\/www.karadere.com\/blog\/?p=929"},"modified":"2011-09-16T13:39:35","modified_gmt":"2011-09-16T11:39:35","slug":"saatlerdeki-am-ve-pm-nedir-acilimlari-nelerdir-what-is-noon-and-midnight-a-m-and-p-m","status":"publish","type":"post","link":"https:\/\/www.karadere.com\/blog\/saatlerdeki-am-ve-pm-nedir-acilimlari-nelerdir-what-is-noon-and-midnight-a-m-and-p-m.html","title":{"rendered":"Saatlerdeki am ve pm nedir a\u00e7\u0131l\u0131mlar\u0131 nelerdir ? What is Noon and Midnight? A.M. and P.M."},"content":{"rendered":"<p>A.M. and P.M.<br \/>\nWhat is Noon and Midnight?<br \/>\nA.M. and P.M. start immediately after Midnight and Noon (Midday) respectively.<\/p>\n<p>This means that 00:00 A.M. or 00:00 P.M. (or 12:00 A.M. and 12:00 P.M.) have no meaning.<\/p>\n<p>Every day starts precisely at midnight and A.M. starts immediately after that point in time e.g. 00:00:01 A.M. (see also leap seconds)<\/p>\n<p>To avoid confusion timetables, when scheduling around midnight, prefer to use either 23:59 or 00:01 to avoid confusion as to which day is being referred to.<\/p>\n<p>It is after Noon that P.M. starts e.g. 00:00:01 PM (12:00:01)<\/p>\n<p>A.M. abbreviation ante meridiem<br \/>\nP.M. abbreviation post meridiem<\/p>\n<p>Main Entry: an\u00b7te me\u00b7ri\u00b7di\u00b7em<br \/>\nPronunciation:<br \/>\n&#8220;an-ti-m&amp;-&#8216;ri-dE-&amp;m, -dE-&#8220;em<br \/>\nFunction: adjective<br \/>\nEtymology: Latin<br \/>\nDate: 1563<br \/>\nMeaning: being before noon<br \/>\nAbbreviation a.m.<br \/>\nMain Entry: post me\u00b7ri\u00b7di\u00b7em<br \/>\nPronunciation:<br \/>\n-m&amp;-&#8216;ri-dE-&amp;m, -&#8220;em<br \/>\nFunction: adjective<br \/>\nEtymology: Latin<br \/>\nDate: 1647<br \/>\nMeaning: being after noon<br \/>\nAbbreviation p.m.<\/p>\n","protected":false},"excerpt":{"rendered":"<p>A.M. and P.M.<br \/>\nWhat is Noon and Midnight?<br \/>\nA.M. and P.M. start immediately after Midnight and Noon (Midday) respectively.<\/p>\n<p>This means that 00:00 A.M. or 00:00 P.M. (or 12:00 A.M. and 12:00 P.M.) have no meaning.<\/p>\n<p>Every day starts precisely at midnight and A.M. starts immediately after that point in time e.g. 00:00:01 A.M. (see also leap seconds)<\/p>\n<p>To avoid confusion timetables, when scheduling around midnight, prefer to use either 23:59 or 00:01 to avoid confusion as to which day is being referred to.<\/p>\n<p>It is after Noon that P.M. starts e.g. 00:00:01 PM (12:00:01)<\/p>\n<p>A.M. abbreviation ante meridiem<br \/>\nP.M. abbreviation post meridiem<\/p>\n","protected":false},"author":1,"featured_media":0,"comment_status":"open","ping_status":"open","sticky":false,"template":"","format":"standard","meta":{"om_disable_all_campaigns":false,"_monsterinsights_skip_tracking":false,"_monsterinsights_sitenote_active":false,"_monsterinsights_sitenote_note":"","_monsterinsights_sitenote_category":0,"_uf_show_specific_survey":0,"_uf_disable_surveys":false,"footnotes":"","_links_to":"","_links_to_target":""},"categories":[6],"tags":[],"class_list":["post-929","post","type-post","status-publish","format-standard","hentry","category-bilisim-it-haber","has-post-title","has-post-date","has-post-category","has-post-tag","has-post-comment","has-post-author",""],"aioseo_notices":[],"views":4287,"_links":{"self":[{"href":"https:\/\/www.karadere.com\/blog\/wp-json\/wp\/v2\/posts\/929","targetHints":{"allow":["GET"]}}],"collection":[{"href":"https:\/\/www.karadere.com\/blog\/wp-json\/wp\/v2\/posts"}],"about":[{"href":"https:\/\/www.karadere.com\/blog\/wp-json\/wp\/v2\/types\/post"}],"author":[{"embeddable":true,"href":"https:\/\/www.karadere.com\/blog\/wp-json\/wp\/v2\/users\/1"}],"replies":[{"embeddable":true,"href":"https:\/\/www.karadere.com\/blog\/wp-json\/wp\/v2\/comments?post=929"}],"version-history":[{"count":0,"href":"https:\/\/www.karadere.com\/blog\/wp-json\/wp\/v2\/posts\/929\/revisions"}],"wp:attachment":[{"href":"https:\/\/www.karadere.com\/blog\/wp-json\/wp\/v2\/media?parent=929"}],"wp:term":[{"taxonomy":"category","embeddable":true,"href":"https:\/\/www.karadere.com\/blog\/wp-json\/wp\/v2\/categories?post=929"},{"taxonomy":"post_tag","embeddable":true,"href":"https:\/\/www.karadere.com\/blog\/wp-json\/wp\/v2\/tags?post=929"}],"curies":[{"name":"wp","href":"https:\/\/api.w.org\/{rel}","templated":true}]}}