{"id":7328,"date":"2020-04-03T18:40:00","date_gmt":"2020-04-03T15:40:00","guid":{"rendered":"https:\/\/www.karadere.com\/blog\/?p=7328"},"modified":"2020-04-09T11:46:07","modified_gmt":"2020-04-09T08:46:07","slug":"korona-virus-gunlugu-15-gun","status":"publish","type":"post","link":"https:\/\/www.karadere.com\/blog\/korona-virus-gunlugu-15-gun.html","title":{"rendered":"Korona Vir\u00fcs G\u00fcnl\u00fc\u011f\u00fc 15. G\u00fcn"},"content":{"rendered":"\n<div class=\"wp-block-image\"><figure class=\"aligncenter size-large\"><img decoding=\"async\" src=\"https:\/\/upload.wikimedia.org\/wikipedia\/commons\/thumb\/8\/82\/SARS-CoV-2_without_background.png\/220px-SARS-CoV-2_without_background.png\" alt=\"\"\/><figcaption><br><\/figcaption><\/figure><\/div>\n\n\n\n<p>Merhabalar,<\/p>\n\n\n\n<p>Karantinede  <strong>15.<\/strong> g\u00fcn\u00fcm tarih <strong>03.04.2020 <\/strong>g\u00f6steriyor.  <\/p>\n\n\n\n<p>Bug\u00fcn g\u00fcnlerden <strong>Cuma <\/strong>ve bir hafta daha nas\u0131l bitti \u00e7ok anlamad\u0131m&#8230;.<\/p>\n\n\n\n<p>\u0130kinci bir haftan\u0131n \u00e7al\u0131\u015fma saatleride bitmi\u015ftir art\u0131k. Ve klasik hafta sonun ev haline haz\u0131r\u0131m.<\/p>\n\n\n\n<p>Covid 19 vaka say\u0131lar giderek art\u0131yor ve \u00f6l\u00fcm oran\u0131da y\u00fckselmekte bu sebepten can\u0131m biraz s\u0131kk\u0131n k\u0131sa yaz\u0131yorum. <\/p>\n\n\n\n<p><\/p>\n\n\n\n<p>Zorda kalmad\u0131k\u00e7a evde kal\u0131n, kendinize \u00e7ok \u00e7ok dikkat edin.<\/p>\n\n\n\n<p>Esen kal\u0131n .<\/p>\n\n\n\n<p><\/p>\n\n\n\n<p><\/p>\n\n\n\n<p>\u00dclkemizde bug\u00fcn itibari ile ;<\/p>\n\n\n\n<p>Resmi kay\u0131tlara g\u00f6re <strong>Covid 19<\/strong> hasta ve vefat eden ki\u015fi say\u0131s\u0131nda son durum;<\/p>\n\n\n\n<p>Son 24 saatlik s\u00fcrecin ard\u0131ndan T\u00fcrkiye&#8217;de bug\u00fcne kadar Covid-19 nedeniyle hayat\u0131n\u0131 kaybedenlerin say\u0131s\u0131 <strong>425<\/strong>&#8216;e y\u00fckseldi, vaka say\u0131s\u0131 ise <strong>20921 <\/strong>oldu. \u0130yile\u015fenler <strong>484<\/strong> oldu. Yeni \u00d6len <strong>69<\/strong> ki\u015fi oldu. \u00d6l\u00fcm oran\u0131 : <strong>2.03 <\/strong>y\u00fckseldi.  <br><\/p>\n","protected":false},"excerpt":{"rendered":"<p>Merhabalar, Karantinede 15. g\u00fcn\u00fcm tarih 03.04.2020 g\u00f6steriyor. Bug\u00fcn g\u00fcnlerden Cuma ve bir hafta daha nas\u0131l bitti \u00e7ok anlamad\u0131m&#8230;. \u0130kinci bir haftan\u0131n \u00e7al\u0131\u015fma saatleride bitmi\u015ftir art\u0131k. Ve klasik hafta sonun ev haline haz\u0131r\u0131m. Covid 19 vaka say\u0131lar giderek art\u0131yor ve \u00f6l\u00fcm oran\u0131da y\u00fckselmekte bu sebepten can\u0131m biraz s\u0131kk\u0131n k\u0131sa yaz\u0131yorum. Zorda kalmad\u0131k\u00e7a evde kal\u0131n, kendinize \u00e7ok [&hellip;]<\/p>\n","protected":false},"author":1,"featured_media":0,"comment_status":"open","ping_status":"open","sticky":false,"template":"","format":"standard","meta":{"om_disable_all_campaigns":false,"_monsterinsights_skip_tracking":false,"_monsterinsights_sitenote_active":false,"_monsterinsights_sitenote_note":"","_monsterinsights_sitenote_category":0,"_uf_show_specific_survey":0,"_uf_disable_surveys":false,"footnotes":"","_links_to":"","_links_to_target":""},"categories":[3146,1],"tags":[3156,3148,3163,3162,3161,3170,3171,3168,1122,3160,3157,3159,3155,1536,1581,3167,3169,3164,3166,3150,3165],"class_list":["post-7328","post","type-post","status-publish","format-standard","hentry","category-3146","category-genel","tag-3156","tag-covid","tag-ev-hapis","tag-geciyor","tag-gunler","tag-gunlugum","tag-gunluk","tag-hikayeler","tag-home","tag-karantina","tag-korona","tag-korona-19","tag-korona-virusu","tag-nasil","tag-notlarim","tag-salgini","tag-tecrubeler","tag-uzak","tag-uzaktan-calisma","tag-virus","tag-yasam","has-post-title","has-post-date","has-post-category","has-post-tag","has-post-comment","has-post-author",""],"aioseo_notices":[],"views":559,"_links":{"self":[{"href":"https:\/\/www.karadere.com\/blog\/wp-json\/wp\/v2\/posts\/7328","targetHints":{"allow":["GET"]}}],"collection":[{"href":"https:\/\/www.karadere.com\/blog\/wp-json\/wp\/v2\/posts"}],"about":[{"href":"https:\/\/www.karadere.com\/blog\/wp-json\/wp\/v2\/types\/post"}],"author":[{"embeddable":true,"href":"https:\/\/www.karadere.com\/blog\/wp-json\/wp\/v2\/users\/1"}],"replies":[{"embeddable":true,"href":"https:\/\/www.karadere.com\/blog\/wp-json\/wp\/v2\/comments?post=7328"}],"version-history":[{"count":2,"href":"https:\/\/www.karadere.com\/blog\/wp-json\/wp\/v2\/posts\/7328\/revisions"}],"predecessor-version":[{"id":7371,"href":"https:\/\/www.karadere.com\/blog\/wp-json\/wp\/v2\/posts\/7328\/revisions\/7371"}],"wp:attachment":[{"href":"https:\/\/www.karadere.com\/blog\/wp-json\/wp\/v2\/media?parent=7328"}],"wp:term":[{"taxonomy":"category","embeddable":true,"href":"https:\/\/www.karadere.com\/blog\/wp-json\/wp\/v2\/categories?post=7328"},{"taxonomy":"post_tag","embeddable":true,"href":"https:\/\/www.karadere.com\/blog\/wp-json\/wp\/v2\/tags?post=7328"}],"curies":[{"name":"wp","href":"https:\/\/api.w.org\/{rel}","templated":true}]}}