{"id":7291,"date":"2020-03-27T09:33:42","date_gmt":"2020-03-27T06:33:42","guid":{"rendered":"https:\/\/www.karadere.com\/blog\/?p=7291"},"modified":"2020-04-09T11:32:14","modified_gmt":"2020-04-09T08:32:14","slug":"korona-virus-gunlugu-8-gun","status":"publish","type":"post","link":"https:\/\/www.karadere.com\/blog\/korona-virus-gunlugu-8-gun.html","title":{"rendered":"Korona Vir\u00fcs G\u00fcnl\u00fc\u011f\u00fc 8. G\u00fcn"},"content":{"rendered":"\n<div class=\"wp-block-image\"><figure class=\"aligncenter size-large\"><img decoding=\"async\" src=\"https:\/\/upload.wikimedia.org\/wikipedia\/commons\/thumb\/8\/82\/SARS-CoV-2_without_background.png\/220px-SARS-CoV-2_without_background.png\" alt=\"\"\/><figcaption><br><\/figcaption><\/figure><\/div>\n\n\n\n<p>Merhabalar,<\/p>\n\n\n\n<p>Karantina&#8217;da  8. g\u00fcn\u00fcm ve bug\u00fcn g\u00fcnlerden Per\u015fembe 27.03.2020  <\/p>\n\n\n\n<p>Smart Home office \u00e7al\u0131\u015fas\u0131na devam ediyoruz \u015firketim, yeni geli\u015fen vaka say\u0131lar\u0131na istinsden daha ciddi \u00f6nlemler almaya ba\u015flad\u0131. Merkez ofisimiz komple kapand\u0131. \u00c7ok istisna durumlar\u0131nda \u015firkete eri\u015fim g\u00fcvenli olacak.<\/p>\n\n\n\n<p>Vir\u00fcs\u00fcn tamamen ortadan kalkmas\u0131 giderek belirsiz bir hal almaya ba\u015flad\u0131.<\/p>\n\n\n\n<p>Bug\u00fcn vefat eden vaka say\u0131s\u0131nda ciddi bir art\u0131l oldu. Fakat test edilen hasta say\u0131s\u0131n\u0131n artmas\u0131 ile beraber \u00f6l\u00fcm oran ortalamam\u0131z d\u00fc\u015ft\u00fc diyebilirim. Daha net bir yorum yapabilmek i\u00e7in yeterli veri olmad\u0131\u011f\u0131 kanaatindeyim. Biraz daha sab\u0131r ve metanet ile beklememiz gerekiyor&#8230;.<\/p>\n\n\n\n<p>Sa\u011fl\u0131kl\u0131 ve mutlu nice yeni g\u00fcnlere, kendinize \u00e7ok dikkat edin m\u00fcmk\u00fcn oldu\u011funca d\u0131\u015far\u0131 \u00e7\u0131kmay\u0131n ve az temas halinde mesafeli bir ya\u015fam s\u00fcrmeye \u00e7al\u0131\u015f\u0131n, esen kal\u0131n&#8230;<\/p>\n\n\n\n<p>\u00dclkemizde \u015fuan itibari ile ;<\/p>\n\n\n\n<p>Resmi kay\u0131tlara g\u00f6re <strong>Covid 19<\/strong> hasta ve vefat eden ki\u015fi say\u0131s\u0131nda son durum;<\/p>\n\n\n\n<p>Son 24 saatlik s\u00fcrecin ard\u0131ndan T\u00fcrkiye&#8217;de bug\u00fcne kadar Kovid-19 nedeniyle hayat\u0131n\u0131 kaybedenlerin say\u0131s\u0131 <strong>108<\/strong>&#8216;e y\u00fckseldi, vaka say\u0131s\u0131 ise <strong>5698 <\/strong>oldu. Vaka\/\u00d6l\u00fcm Oran\u0131 = 1,5<br><\/p>\n","protected":false},"excerpt":{"rendered":"<p>Merhabalar, Karantina&#8217;da 8. g\u00fcn\u00fcm ve bug\u00fcn g\u00fcnlerden Per\u015fembe 27.03.2020 Smart Home office \u00e7al\u0131\u015fas\u0131na devam ediyoruz \u015firketim, yeni geli\u015fen vaka say\u0131lar\u0131na istinsden daha ciddi \u00f6nlemler almaya ba\u015flad\u0131. Merkez ofisimiz komple kapand\u0131. \u00c7ok istisna durumlar\u0131nda \u015firkete eri\u015fim g\u00fcvenli olacak. Vir\u00fcs\u00fcn tamamen ortadan kalkmas\u0131 giderek belirsiz bir hal almaya ba\u015flad\u0131. Bug\u00fcn vefat eden vaka say\u0131s\u0131nda ciddi bir art\u0131l [&hellip;]<\/p>\n","protected":false},"author":1,"featured_media":0,"comment_status":"open","ping_status":"open","sticky":false,"template":"","format":"standard","meta":{"om_disable_all_campaigns":false,"_monsterinsights_skip_tracking":false,"_monsterinsights_sitenote_active":false,"_monsterinsights_sitenote_note":"","_monsterinsights_sitenote_category":0,"_uf_show_specific_survey":0,"_uf_disable_surveys":false,"footnotes":"","_links_to":"","_links_to_target":""},"categories":[1],"tags":[3156,3148,3163,3162,3161,3170,3171,3168,1122,3160,3157,3159,3155,1536,1581,3167,3169,3164,3166,3150],"class_list":["post-7291","post","type-post","status-publish","format-standard","hentry","category-genel","tag-3156","tag-covid","tag-ev-hapis","tag-geciyor","tag-gunler","tag-gunlugum","tag-gunluk","tag-hikayeler","tag-home","tag-karantina","tag-korona","tag-korona-19","tag-korona-virusu","tag-nasil","tag-notlarim","tag-salgini","tag-tecrubeler","tag-uzak","tag-uzaktan-calisma","tag-virus","has-post-title","has-post-date","has-post-category","has-post-tag","has-post-comment","has-post-author",""],"aioseo_notices":[],"views":502,"_links":{"self":[{"href":"https:\/\/www.karadere.com\/blog\/wp-json\/wp\/v2\/posts\/7291","targetHints":{"allow":["GET"]}}],"collection":[{"href":"https:\/\/www.karadere.com\/blog\/wp-json\/wp\/v2\/posts"}],"about":[{"href":"https:\/\/www.karadere.com\/blog\/wp-json\/wp\/v2\/types\/post"}],"author":[{"embeddable":true,"href":"https:\/\/www.karadere.com\/blog\/wp-json\/wp\/v2\/users\/1"}],"replies":[{"embeddable":true,"href":"https:\/\/www.karadere.com\/blog\/wp-json\/wp\/v2\/comments?post=7291"}],"version-history":[{"count":7,"href":"https:\/\/www.karadere.com\/blog\/wp-json\/wp\/v2\/posts\/7291\/revisions"}],"predecessor-version":[{"id":7355,"href":"https:\/\/www.karadere.com\/blog\/wp-json\/wp\/v2\/posts\/7291\/revisions\/7355"}],"wp:attachment":[{"href":"https:\/\/www.karadere.com\/blog\/wp-json\/wp\/v2\/media?parent=7291"}],"wp:term":[{"taxonomy":"category","embeddable":true,"href":"https:\/\/www.karadere.com\/blog\/wp-json\/wp\/v2\/categories?post=7291"},{"taxonomy":"post_tag","embeddable":true,"href":"https:\/\/www.karadere.com\/blog\/wp-json\/wp\/v2\/tags?post=7291"}],"curies":[{"name":"wp","href":"https:\/\/api.w.org\/{rel}","templated":true}]}}