{"id":7212,"date":"2020-03-21T18:49:52","date_gmt":"2020-03-21T15:49:52","guid":{"rendered":"https:\/\/www.karadere.com\/blog\/?p=7212"},"modified":"2020-03-31T09:39:46","modified_gmt":"2020-03-31T06:39:46","slug":"korona-virus-gunlugu-2-gun","status":"publish","type":"post","link":"https:\/\/www.karadere.com\/blog\/korona-virus-gunlugu-2-gun.html","title":{"rendered":"Korona Vir\u00fcs G\u00fcnl\u00fc\u011f\u00fc 2. G\u00fcn"},"content":{"rendered":"\n<p>Merhabalar,<\/p>\n\n\n\n<div class=\"wp-block-image\"><figure class=\"aligncenter size-large\"><img decoding=\"async\" src=\"https:\/\/upload.wikimedia.org\/wikipedia\/commons\/thumb\/8\/82\/SARS-CoV-2_without_background.png\/220px-SARS-CoV-2_without_background.png\" alt=\"\"\/><\/figure><\/div>\n\n\n\n<p>Malum <strong>Covid 19<\/strong> kod adl\u0131 Korona (Coronavirus) isim i bir vir\u00fcs (ciddi bula\u015f\u0131c\u0131 salg\u0131n bir hastal\u0131k) ile d\u00fcnya insanl\u0131\u011f\u0131 kar\u015f\u0131 kar\u015f\u0131ya ve bug\u00fcn<strong> 21 Mart 2020<\/strong> &#8216;de saat 18:30 civar\u0131nda bu yaz\u0131y\u0131 yazd\u0131\u011f\u0131m \u015fu s\u0131ralarda t\u00fcm d\u00fcnayda evde oturma karantinas\u0131 ile kar\u015f\u0131kar\u015f\u0131yay\u0131z. <\/p>\n\n\n\n<p>T\u00fcm insanl\u0131\u011f\u0131n bu hastal\u0131ktan en hafif hasar ile atlatmas\u0131 dile\u011fimi ve temennilerimi iletmeyide unutmak istemem. <\/p>\n\n\n\n<p>\u015eimdi bu vir\u00fcs hakk\u0131nda bir \u00e7ok komplo teorisi yaz\u0131ld\u0131 \u00e7izildi orada burada ekranlarda sosyal media mecralar\u0131nda hala konu\u015fulmaya devam ediliyor. \u0130\u015fin bu mecras\u0131na blog politikalar\u0131m gere\u011fi hi\u00e7 girmiyorum.<\/p>\n\n\n\n<p>Nas\u0131l \u00e7\u0131kt\u0131\u011f\u0131 veya neden \u00e7\u0131kt\u0131\u011f\u0131ndan ziyade belki biraz el kalsiko bir m\u00fchendis bak\u0131\u015f a\u00e7\u0131s\u0131 ile durumu de\u011ferlendirecek olur isek ge\u00e7mi\u015fin hi\u00e7 bir faydas\u0131 olmayaca\u011f\u0131 kanaatindeyim. \u015euanda durum nedir ? ve neler ? yap\u0131labilir. Yani bizdeki bak\u0131\u015f hep \u00e7\u00f6z\u00fcm odakl\u0131 pozitif bir bak\u0131\u015f a\u00e7\u0131s\u0131 olmal\u0131d\u0131r. Hastal\u0131\u011f\u0131n daha fazla yay\u0131lmamas\u0131 i\u00e7in daha az temas ile kendimizi maksimum izolasyon  hijyen ortam\u0131nda tutmam\u0131z t\u00fcm fertlerin zaruri yapmas\u0131 gereken bir eylemdir. Hastal\u0131\u011f\u0131n \u015fifas\u0131n\u0131n bulunmas\u0131n\u0131 beklemekten de fazla yapacak bir \u015fey yok gib&#8230; \u0130la\u00e7 veya ila\u00e7lar\u0131 beklemek durumunday\u0131z yada do\u011fal hava de\u011fi\u015fiminden kendi kendine \u00f6lmesini beklemek durumunday\u0131z. T\u0131bb\u0131 bekleyi\u015f i\u00e7erisinde kald\u0131\u011f\u0131m\u0131z \u00fcz\u00fcc\u00fc olsada durum bundan ibaret. <\/p>\n\n\n\n<p>Bu benim karatinedeki 2. g\u00fcn\u00fcmd\u00fcr. Herkesin farkl\u0131 bir ba\u015flang\u0131c\u0131 olmas\u0131 gayet normal. <\/p>\n\n\n\n<p>Evet \u015fuanda evdeyiz bir \u00e7o\u011fumuz i\u015fini evden smart home office denilen bir y\u00f6ntem ile idare etmeye i\u015fleri aksatmamaya \u00e7al\u0131\u015facak.  Hafta sonu gecirilen tatil g\u00fcnlerinde evde \u00fcretken bir verimlik haline getirilebilir kanaatindeyim daha \u00f6nce vakitsizlikten erteled\u011finiz evde yapabilece\u011finiz bir \u00e7ok konuyu bu zaman diliminde yapmay\u0131 planlay\u0131n evde bo\u015f kalmay\u0131n ve kendinize s\u00fcrekli vakit ge\u00e7irecek bir ara\u00e7 bulun \u00fcretken olun \u00fcretin. Kitap okuyun, bilgiverici filmler izleyin, yada kitapi \u015fiir, makale, yaz\u0131n . Spor yap\u0131n. Kendinizi mutlu hissetmek i\u00e7in fazla olmamak ko\u015fulu ile \u00e7ikolata yiyebilirsiniz.  \u015eimdi bende asl\u0131nda bu yaz\u0131y\u0131 ne kadar daha uzatabilirim diyede d\u00fc\u015f\u00fcnm\u00fcyor de\u011filim \ud83d\ude42 <\/p>\n\n\n\n<p>Herg\u00fcn ba\u015farabilirsem karantina g\u00fcnl\u00fc\u011f\u00fc olarak yazmaya \u00e7al\u0131\u015faca\u011f\u0131m e\u011fer hayatta kalmay\u0131 ba\u015farabilirsem belki maziye bir hat\u0131ra kayd\u0131 daha d\u00fc\u015fm\u00fc\u015f oluruz. Akl\u0131mda olan ask\u0131larda kalan birka\u00e7 i\u015f var onlar\u0131 toparlamaya direnece\u011fim. <\/p>\n\n\n\n<p>Moralinizi ferah tutun ve metin olun. Vakit ge\u00e7irecek faydal\u0131 i\u015fler ile me\u015fgul olmam\u0131z bizim i\u00e7in faydal\u0131 olacakt\u0131r. Ailemize yapmam\u0131z gereken sorumluklar\u0131da tabiki bu a\u015famada aksatmayal\u0131m.  Sabr\u0131n sonu selamettir. Efendim bir sonraki hayat ya\u015fam ve sa\u011fl\u0131k m\u00fccadelesinde g\u00f6r\u00fc\u015fmek \u00fcmidi ile&#8230;<\/p>\n\n\n\n<p>Sa\u011fl\u0131kl\u0131 g\u00fcnler&#8230; <\/p>\n\n\n\n<p>Bir ka\u00e7 istatistiki  vir\u00fcs yay\u0131l\u0131m portal linkini sizler ile payla\u015fmak isterim moralininizi bozmamak ko\u015fulu ile g\u00fcnde bir defa bakabilirsiniz \ud83d\ude41 <\/p>\n\n\n\n<p><a href=\"https:\/\/www.coronatracker.com\/analytics\/\">https:\/\/www.coronatracker.com\/analytics\/<\/a><\/p>\n\n\n\n<p><a href=\"https:\/\/www.bing.com\/covid\">https:\/\/www.bing.com\/covid<\/a><\/p>\n\n\n\n<p><a href=\"https:\/\/www.haberturk.com\/corona-virusu\">https:\/\/www.haberturk.com\/corona-virusu<\/a><\/p>\n\n\n\n<p><strong>\u00dclkemizde \u015fuan itibari ile ;<\/strong><\/p>\n\n\n\n<p>Resmi kay\u0131tlara g\u00f6re <strong>Covid 19 <\/strong>bula\u015fan <strong>670 <\/strong>hasta ve hakk\u0131n rahmetine kavu\u015fan 9 vatanda\u015f\u0131m\u0131z bulunmaktad\u0131r.  \ud83d\ude41 <\/p>\n\n\n\n<figure class=\"wp-block-image size-large\"><img decoding=\"async\" src=\"https:\/\/lh3.googleusercontent.com\/-Q4diZxO0RGo\/XnuID8S6mtI\/AAAAAAAAFaE\/JPrUacvh0fUkyRW9lXG9UIcaxVq7tevUwCJoC\/w530-h685-n-rw\/gplus5689700540057644399.png\" alt=\"\"\/><\/figure>\n\n\n\n<p><\/p>\n\n\n\n<p><strong>G\u00fcnl\u00fckten kay\u0131tlar :<\/strong><\/p>\n\n\n\n<p>Kuantum fizi\u011fi hakk\u0131nda kalan yar\u0131m i\u015fller var elimde \u00e7al\u0131\u015fmalara deva diyoruz. S\u0131k\u0131ld\u0131k\u00e7a motive etmek i\u00e7in gaz verici m\u00fczikler ile destekliyoruz. <\/p>\n\n\n\n<p>\u00c7al\u0131\u015fmalara devam &#8230;. <\/p>\n","protected":false},"excerpt":{"rendered":"<p>Merhabalar, Malum Covid 19 kod adl\u0131 Korona (Coronavirus) isim i bir vir\u00fcs (ciddi bula\u015f\u0131c\u0131 salg\u0131n bir hastal\u0131k) ile d\u00fcnya insanl\u0131\u011f\u0131 kar\u015f\u0131 kar\u015f\u0131ya ve bug\u00fcn 21 Mart 2020 &#8216;de saat 18:30 civar\u0131nda bu yaz\u0131y\u0131 yazd\u0131\u011f\u0131m \u015fu s\u0131ralarda t\u00fcm d\u00fcnayda evde oturma karantinas\u0131 ile kar\u015f\u0131kar\u015f\u0131yay\u0131z. T\u00fcm insanl\u0131\u011f\u0131n bu hastal\u0131ktan en hafif hasar ile atlatmas\u0131 dile\u011fimi ve temennilerimi [&hellip;]<\/p>\n","protected":false},"author":1,"featured_media":0,"comment_status":"open","ping_status":"open","sticky":false,"template":"","format":"standard","meta":{"om_disable_all_campaigns":false,"_monsterinsights_skip_tracking":false,"_monsterinsights_sitenote_active":false,"_monsterinsights_sitenote_note":"","_monsterinsights_sitenote_category":0,"_uf_show_specific_survey":0,"_uf_disable_surveys":false,"footnotes":"","_links_to":"","_links_to_target":""},"categories":[3146,1],"tags":[3156,3149,3148,3147,3163,3162,3161,3170,3171,3168,1122,3160,3157,3159,3155,1536,1581,3167,3169,3164,3166,3150,3151,3154],"class_list":["post-7212","post","type-post","status-publish","format-standard","hentry","category-3146","category-genel","tag-3156","tag-corona","tag-covid","tag-covid-19","tag-ev-hapis","tag-geciyor","tag-gunler","tag-gunlugum","tag-gunluk","tag-hikayeler","tag-home","tag-karantina","tag-korona","tag-korona-19","tag-korona-virusu","tag-nasil","tag-notlarim","tag-salgini","tag-tecrubeler","tag-uzak","tag-uzaktan-calisma","tag-virus","tag-virusus","tag-vurusu","has-post-title","has-post-date","has-post-category","has-post-tag","has-post-comment","has-post-author",""],"aioseo_notices":[],"views":399,"_links":{"self":[{"href":"https:\/\/www.karadere.com\/blog\/wp-json\/wp\/v2\/posts\/7212","targetHints":{"allow":["GET"]}}],"collection":[{"href":"https:\/\/www.karadere.com\/blog\/wp-json\/wp\/v2\/posts"}],"about":[{"href":"https:\/\/www.karadere.com\/blog\/wp-json\/wp\/v2\/types\/post"}],"author":[{"embeddable":true,"href":"https:\/\/www.karadere.com\/blog\/wp-json\/wp\/v2\/users\/1"}],"replies":[{"embeddable":true,"href":"https:\/\/www.karadere.com\/blog\/wp-json\/wp\/v2\/comments?post=7212"}],"version-history":[{"count":9,"href":"https:\/\/www.karadere.com\/blog\/wp-json\/wp\/v2\/posts\/7212\/revisions"}],"predecessor-version":[{"id":7245,"href":"https:\/\/www.karadere.com\/blog\/wp-json\/wp\/v2\/posts\/7212\/revisions\/7245"}],"wp:attachment":[{"href":"https:\/\/www.karadere.com\/blog\/wp-json\/wp\/v2\/media?parent=7212"}],"wp:term":[{"taxonomy":"category","embeddable":true,"href":"https:\/\/www.karadere.com\/blog\/wp-json\/wp\/v2\/categories?post=7212"},{"taxonomy":"post_tag","embeddable":true,"href":"https:\/\/www.karadere.com\/blog\/wp-json\/wp\/v2\/tags?post=7212"}],"curies":[{"name":"wp","href":"https:\/\/api.w.org\/{rel}","templated":true}]}}