{"id":7131,"date":"2019-12-06T13:54:49","date_gmt":"2019-12-06T10:54:49","guid":{"rendered":"https:\/\/www.karadere.com\/blog\/?p=7131"},"modified":"2019-12-06T14:01:08","modified_gmt":"2019-12-06T11:01:08","slug":"asus-zenbook-pro-duo","status":"publish","type":"post","link":"https:\/\/www.karadere.com\/blog\/asus-zenbook-pro-duo.html","title":{"rendered":"ASUS ZenBook Pro Duo"},"content":{"rendered":"\n<p>Merhabalar,<\/p>\n\n\n\n<p>Asus notebook \u00fcr\u00fcnlerinde inovasyona ve yenilik\u00e7i tasar\u0131ma doymuyor. <\/p>\n\n\n\n<p>Duo, Dual ekranlar ile ilklerin ba\u015f\u0131n\u0131 \u00e7ekmeye devam ediyor. Apple n\u0131n fonksiyon tu\u015flar\u0131n\u0131 ekran ile dinamik yap\u0131ya b\u00fcr\u00fcmesi fikrinden esintilendi\u011fi ayr\u0131ca bir ger\u00e7ek ama \u00e7ok \u00e7ok ileriye g\u00f6t\u00fcrd\u00fc\u011f\u00fcde ayr\u0131 bir hakikat \ud83d\ude42  Asus &#8216;u y\u0131llardan beri takip eder ve bir \u00e7ok \u00fcr\u00fcnde tercih eden biri olarak, bu tasar\u0131m\u0131 \u00e7ok be\u011fendim. Tek ele\u015ftirim fiyat\u0131 biraz pahal\u0131.<\/p>\n\n\n\n<figure class=\"wp-block-image size-large\"><img decoding=\"async\" src=\"https:\/\/www.asus.com\/media\/global\/gallery\/hyytqxvrhvirr8yd_setting_000_1_90_end_500.png\" alt=\"\"\/><\/figure>\n\n\n\n<p>ASUS ZenBook Pro Duo <\/p>\n\n\n\n<p><\/p>\n\n\n\n<figure class=\"wp-block-embed-youtube wp-block-embed is-type-video is-provider-youtube wp-embed-aspect-16-9 wp-has-aspect-ratio\"><div class=\"wp-block-embed__wrapper\">\n<div class=\"post-video\"><iframe loading=\"lazy\" title=\"ASUS ZenBook Pro Duo - The laptop of tomorrow | ASUS\" width=\"1165\" height=\"655\" src=\"https:\/\/www.youtube.com\/embed\/1aqI7EnfbVM?wmode=transparent&#038;fs=1\"  allow=\"accelerometer; autoplay; encrypted-media; gyroscope; picture-in-picture\" allowfullscreen><\/iframe><\/div>\n<\/div><figcaption><br><\/figcaption><\/figure>\n\n\n\n<p><\/p>\n\n\n\n<p><\/p>\n\n\n\n<p><strong>TEKN\u0130K \u00d6ZELL\u0130KLER<\/strong><\/p>\n\n\n\n<p>\u0130\u015flemciIntel\u00ae Core\u2122 i9 9980HK i\u015flemci<br>Intel\u00ae Core\u2122 i7 9750H i\u015flemci<\/p>\n\n\n\n<p>\u0130\u015fletim SistemiWindows 10 Pro &#8211; ASUS, Windows 10 Pro \u00fcr\u00fcn\u00fcn\u00fc \u00f6nerir.<br>Windows 10 Home &#8211; ASUS recommends Windows 10 Pro.<\/p>\n\n\n\n<p>Yonga SetiIntel\u00ae HM370 Express Chipset<\/p>\n\n\n\n<p>Bellek32 GB DDR4 2666MHz SDRAM Onboard memory<br>16 GB Onboard memory<\/p>\n\n\n\n<p>Ekran15.6&#8243; (16:9) LED-backlit 4K UHD (3840&#215;2160) 60Hz Glare Panel with 100% DCI-P3 with wide 178\u00b0 viewing angles<\/p>\n\n\n\n<p>GrafikNVIDIA\u00ae , with 6GB GDDR5 VRAM<\/p>\n\n\n\n<p>Depolama<strong>Solid state drive:<\/strong><br>256GB PCIe\u00ae Gen3 x2 SSD<br><strong>Solid state drive:<\/strong><br>512GB PCIe\u00ae Gen3 x2 SSD<br><strong>Solid state drive:<\/strong><br>1TB PCIe\u00ae Gen3 x4 SSD<\/p>\n\n\n\n<p>KlavyeIlluminated chiclet keyboard<\/p>\n\n\n\n<p>WebCamIR camera<\/p>\n\n\n\n<p>Network<strong>Wi-Fi<\/strong><br>Integrated Wi-Fi 6 (802.11 ax (2&#215;2))<\/p>\n\n\n\n<p>Aray\u00fcz1 x COMBO ses<br>2 x Type-A USB 3.1 (Gen 2)<br>1 x Type-C USB 3.1 (Gen 2) Thunderbolt 3 with DP1.4<br>1 x HDMI<br><\/p>\n\n\n\n<p>Ses<br>Harman Kardon<\/p>\n\n\n\n<p>Pil4 -Cell 71 Wh Polymer Battery<\/p>\n\n\n\n<p>G\u00fc\u00e7 Adapt\u00f6r\u00fcPlug type :\u00f86.0 (mm)<br>\u00c7\u0131k\u0131\u015f :<br>19.5 Volt adapt\u00f6r (11.8 Amper), 230 W<\/p>\n\n\n\n<p>BoyutlarNB:<br>359.6 x 246 x 24 mm (E x B x Y)<\/p>\n\n\n\n<p>A\u011f\u0131rl\u0131k(batarya dahil)<\/p>\n\n\n\n<p>G\u00fcvenlikfTPM (Firmware-based Trusted Platform Module)<\/p>\n\n\n\n<p><\/p>\n\n\n\n<p><a href=\"https:\/\/www.asus.com\/tr\/Laptops\/ZenBook-Pro-Duo-UX581GV\/\">https:\/\/www.asus.com\/tr\/Laptops\/ZenBook-Pro-Duo-UX581GV\/<\/a><\/p>\n","protected":false},"excerpt":{"rendered":"<p>Duo, Dual ekranlar ile ilklerin ba\u015f\u0131n\u0131 \u00e7ekmeye devam ediyor. Apple n\u0131n fonksiyon tu\u015flar\u0131n\u0131 ekran ile dinamik yap\u0131ya b\u00fcr\u00fcmesi fikrinden esintilendi\u011fi ayr\u0131ca bir ger\u00e7ek ama \u00e7ok \u00e7ok ileriye g\u00f6t\u00fcrd\u00fc\u011f\u00fcde ayr\u0131 bir hakikat \ud83d\ude42  Asus &#8216;u y\u0131llardan beri takip eder ve bir \u00e7ok \u00fcr\u00fcnde tercih eden biri olarak, bu tasar\u0131m\u0131 \u00e7ok be\u011fendim. Tek ele\u015ftirim fiyat\u0131 biraz pahal\u0131.<\/p>\n","protected":false},"author":1,"featured_media":0,"comment_status":"open","ping_status":"open","sticky":false,"template":"","format":"standard","meta":{"om_disable_all_campaigns":false,"_monsterinsights_skip_tracking":false,"_monsterinsights_sitenote_active":false,"_monsterinsights_sitenote_note":"","_monsterinsights_sitenote_category":0,"_uf_show_specific_survey":0,"_uf_disable_surveys":false,"footnotes":"","_links_to":"","_links_to_target":""},"categories":[1],"tags":[3138,1719,3137],"class_list":["post-7131","post","type-post","status-publish","format-standard","hentry","category-genel","tag-duao","tag-pro","tag-zenbook","has-post-title","has-post-date","has-post-category","has-post-tag","has-post-comment","has-post-author",""],"aioseo_notices":[],"views":707,"_links":{"self":[{"href":"https:\/\/www.karadere.com\/blog\/wp-json\/wp\/v2\/posts\/7131","targetHints":{"allow":["GET"]}}],"collection":[{"href":"https:\/\/www.karadere.com\/blog\/wp-json\/wp\/v2\/posts"}],"about":[{"href":"https:\/\/www.karadere.com\/blog\/wp-json\/wp\/v2\/types\/post"}],"author":[{"embeddable":true,"href":"https:\/\/www.karadere.com\/blog\/wp-json\/wp\/v2\/users\/1"}],"replies":[{"embeddable":true,"href":"https:\/\/www.karadere.com\/blog\/wp-json\/wp\/v2\/comments?post=7131"}],"version-history":[{"count":3,"href":"https:\/\/www.karadere.com\/blog\/wp-json\/wp\/v2\/posts\/7131\/revisions"}],"predecessor-version":[{"id":7135,"href":"https:\/\/www.karadere.com\/blog\/wp-json\/wp\/v2\/posts\/7131\/revisions\/7135"}],"wp:attachment":[{"href":"https:\/\/www.karadere.com\/blog\/wp-json\/wp\/v2\/media?parent=7131"}],"wp:term":[{"taxonomy":"category","embeddable":true,"href":"https:\/\/www.karadere.com\/blog\/wp-json\/wp\/v2\/categories?post=7131"},{"taxonomy":"post_tag","embeddable":true,"href":"https:\/\/www.karadere.com\/blog\/wp-json\/wp\/v2\/tags?post=7131"}],"curies":[{"name":"wp","href":"https:\/\/api.w.org\/{rel}","templated":true}]}}