{"id":6788,"date":"2019-04-30T14:21:22","date_gmt":"2019-04-30T11:21:22","guid":{"rendered":"https:\/\/www.karadere.com\/blog\/?p=6788"},"modified":"2019-04-30T14:24:12","modified_gmt":"2019-04-30T11:24:12","slug":"samsung-fold-dan-uzucu-haber","status":"publish","type":"post","link":"https:\/\/www.karadere.com\/blog\/samsung-fold-dan-uzucu-haber.html","title":{"rendered":"Samsung Fold &#8216;dan \u00fcz\u00fcc\u00fc haber."},"content":{"rendered":"\n<p>Merhabalar,<\/p>\n\n\n\n<p>Bu y\u0131l katalanabilir geli\u015fim zirvesini kaydeden mobile d\u00fcnya devlerinden <strong>SAMSUNG <\/strong>26 Nisan 2019 tarihinde sat\u0131\u015fa \u00e7\u0131kacak olan <strong>samsung<\/strong> <strong>Fold <\/strong>telefon modeli i\u00e7in \u00f6n sipari\u015fler al\u0131nmaya ba\u015flanm\u0131\u015ft\u0131.  Bir yandanda kullan\u0131c\u0131 deneyimine baz\u0131 cihazlar sunuluyordu. Buda tekno bas\u0131n ve son kullanc\u0131lara ciddi bir ilgi uyand\u0131r\u0131yordu. <\/p>\n\n\n\n<p>Sat\u0131\u015fa sunulan ilk parti \u00f6rneklerde farkl\u0131 ekran k\u0131r\u0131lma sorunlar\u0131 ortaya \u00e7\u0131kmaya ba\u015flad\u0131. ve samsung di\u011fer partileri erteleme karar\u0131 ald\u0131. Daha \u00f6nce de samsung ekran\u0131n a\u00e7\u0131p kapamas\u0131 ile ilgili sa\u011flaml\u0131k testlerini payla\u015fm\u0131\u015ft\u0131 peki bu kadar iddal\u0131 olan katlama olay\u0131nda neden bu hatalar \u00e7\u0131kt\u0131 ger\u00e7ek sat\u0131\u015f tarihi ne zaman olacak. Dedi kodular aras\u0131nda s\u00fcresiz ertelemede konu\u015fuluyor . Bakal\u0131m zaman bize neler g\u00f6sterecek merak ile takipteyim.<\/p>\n\n\n\n<figure class=\"wp-block-image\"><img decoding=\"async\" src=\"https:\/\/cdntr2.img.sputniknews.com\/images\/103778\/27\/1037782779.jpg\" alt=\"\"\/><\/figure>\n\n\n\n<p><\/p>\n\n\n\n<p> <br><a href=\"https:\/\/www.karadere.com\/blog\/samsung-katlanabilir-cep-telefonu-yanlislikla-tanitildi.html\">https:\/\/www.karadere.com\/blog\/samsung-katlanabilir-cep-telefonu-yanlislikla-tanitildi.html<\/a> <\/p>\n\n\n\n<p><strong>Samsung Fold <\/strong>ile ilgili benim daha \u00f6nceki yaz\u0131lar\u0131mda yorumum belli. \u00c7ok cihaz\u0131 fiziksel g\u00f6rmesemde deneyim olmadan dayan\u0131kl\u0131l\u0131k hakk\u0131nda hala yorum yapmam pek m\u00fcmk\u00fcn olmad\u0131\u011f\u0131 gibi. Etikte olmaz. Ama ilk iznelimde i\u015flevsellik ve kullan\u0131labilirlik kar\u015f\u0131la\u015ft\u0131rma yorumlar\u0131m\u0131 a\u015fa\u011f\u0131daki makaleden okuyabilirsiniz.<\/p>\n\n\n\n<p> <br><a href=\"https:\/\/www.karadere.com\/blog\/katlanabilir-ekran-ve-ilk-cikan-modelleri-degerlendirmesi.html\">https:\/\/www.karadere.com\/blog\/katlanabilir-ekran-ve-ilk-cikan-modelleri-degerlendirmesi.html<\/a> <br><\/p>\n","protected":false},"excerpt":{"rendered":"<p>Merhabalar, Bu y\u0131l katalanabilir geli\u015fim zirvesini kaydeden mobile d\u00fcnya devlerinden SAMSUNG 26 Nisan 2019 tarihinde sat\u0131\u015fa \u00e7\u0131kacak olan samsung Fold telefon modeli i\u00e7in \u00f6n sipari\u015fler al\u0131nmaya ba\u015flanm\u0131\u015ft\u0131. Bir yandanda kullan\u0131c\u0131 deneyimine baz\u0131 cihazlar sunuluyordu. Buda tekno bas\u0131n ve son kullanc\u0131lara ciddi bir ilgi uyand\u0131r\u0131yordu. Sat\u0131\u015fa sunulan ilk parti \u00f6rneklerde farkl\u0131 ekran k\u0131r\u0131lma sorunlar\u0131 ortaya \u00e7\u0131kmaya [&hellip;]<\/p>\n","protected":false},"author":1,"featured_media":0,"comment_status":"open","ping_status":"open","sticky":false,"template":"","format":"standard","meta":{"om_disable_all_campaigns":false,"_monsterinsights_skip_tracking":false,"_monsterinsights_sitenote_active":false,"_monsterinsights_sitenote_note":"","_monsterinsights_sitenote_category":0,"_uf_show_specific_survey":0,"_uf_disable_surveys":false,"footnotes":"","_links_to":"","_links_to_target":""},"categories":[3026],"tags":[3033,1084,1830],"class_list":["post-6788","post","type-post","status-publish","format-standard","hentry","category-3026","tag-fold","tag-haber","tag-samsung","has-post-title","has-post-date","has-post-category","has-post-tag","has-post-comment","has-post-author",""],"aioseo_notices":[],"views":638,"_links":{"self":[{"href":"https:\/\/www.karadere.com\/blog\/wp-json\/wp\/v2\/posts\/6788","targetHints":{"allow":["GET"]}}],"collection":[{"href":"https:\/\/www.karadere.com\/blog\/wp-json\/wp\/v2\/posts"}],"about":[{"href":"https:\/\/www.karadere.com\/blog\/wp-json\/wp\/v2\/types\/post"}],"author":[{"embeddable":true,"href":"https:\/\/www.karadere.com\/blog\/wp-json\/wp\/v2\/users\/1"}],"replies":[{"embeddable":true,"href":"https:\/\/www.karadere.com\/blog\/wp-json\/wp\/v2\/comments?post=6788"}],"version-history":[{"count":2,"href":"https:\/\/www.karadere.com\/blog\/wp-json\/wp\/v2\/posts\/6788\/revisions"}],"predecessor-version":[{"id":6790,"href":"https:\/\/www.karadere.com\/blog\/wp-json\/wp\/v2\/posts\/6788\/revisions\/6790"}],"wp:attachment":[{"href":"https:\/\/www.karadere.com\/blog\/wp-json\/wp\/v2\/media?parent=6788"}],"wp:term":[{"taxonomy":"category","embeddable":true,"href":"https:\/\/www.karadere.com\/blog\/wp-json\/wp\/v2\/categories?post=6788"},{"taxonomy":"post_tag","embeddable":true,"href":"https:\/\/www.karadere.com\/blog\/wp-json\/wp\/v2\/tags?post=6788"}],"curies":[{"name":"wp","href":"https:\/\/api.w.org\/{rel}","templated":true}]}}