{"id":5941,"date":"2016-10-18T11:36:12","date_gmt":"2016-10-18T08:36:12","guid":{"rendered":"https:\/\/www.karadere.com\/blog\/?p=5941"},"modified":"2016-10-18T11:37:56","modified_gmt":"2016-10-18T08:37:56","slug":"otomobillerde-gosterge-panelindeki-isiklarin-anlami","status":"publish","type":"post","link":"https:\/\/www.karadere.com\/blog\/otomobillerde-gosterge-panelindeki-isiklarin-anlami.html","title":{"rendered":"Otomobillerde G\u00f6sterge Panelindeki I\u015f\u0131klar\u0131n Anlam\u0131"},"content":{"rendered":"<p><strong>Otomobillerde G\u00f6sterge Panelindeki I\u015f\u0131klar\u0131n Anlam\u0131<\/strong><\/p>\n<p><img decoding=\"async\" src=\"http:\/\/www.yildiz.co\/wp-content\/uploads\/2015\/06\/arabagosterge.jpg\" \/><\/p>\n<ol>\n<li>\u00d6n sis farlar\u0131n\u0131z a\u00e7\u0131k kald\u0131\u011f\u0131nda uyar\u0131 veren \u0131\u015f\u0131kt\u0131r.<\/li>\n<li>Hidrolik direksiyon sisteminde olu\u015fan bir ar\u0131zan\u0131n uyar\u0131s\u0131 i\u00e7in yanan \u0131\u015f\u0131kt\u0131r.<\/li>\n<li>Arka sis farlar\u0131n\u0131n a\u00e7\u0131k kald\u0131\u011f\u0131nda yanan uyar\u0131 \u0131\u015f\u0131\u011f\u0131d\u0131r.<\/li>\n<li>Cam suyu veya s\u0131v\u0131s\u0131n\u0131n d\u00fc\u015f\u00fck oldu\u011funu belirtmek i\u00e7in yanan \u0131\u015f\u0131kt\u0131r.<\/li>\n<li>Fren balatalar\u0131n\u0131n a\u015f\u0131nm\u0131\u015f veya \u00f6mr\u00fcn\u00fcn tamamlamak \u00fczere oldu\u011funda uyar\u0131 veren \u0131\u015f\u0131kt\u0131r.<\/li>\n<li>Cruise control (H\u0131z Sabitleyici) sisteminin aktif oldu\u011funu g\u00f6stermek i\u00e7in yanan \u0131\u015f\u0131kt\u0131r.<\/li>\n<li>Sa\u011f ve sol d\u00f6n\u00fc\u015flerde sinyal verdi\u011finizde yanan \u0131\u015f\u0131kt\u0131r.<\/li>\n<li>I\u015f\u0131kland\u0131rma sisteminde olu\u015fan bir sorunu uyarmak i\u00e7in yanan \u0131\u015f\u0131kt\u0131r.<\/li>\n<li>Araban\u0131z\u0131n k\u0131\u015f moduna ge\u00e7ti\u011fini belirtmek i\u00e7in yanan \u0131\u015f\u0131kt\u0131r.<\/li>\n<li>Araba ile\u00a0ilgili \u00e7e\u015fit bilgilerin var oldu\u011funu ve okunmas\u0131 gerekti\u011fini belirten \u0131\u015f\u0131kt\u0131r.<\/li>\n<li>Dizel ara\u00e7larda \u0131s\u0131tma bujilerinin aktif oldu\u011funu belirten \u0131\u015f\u0131kt\u0131r.<\/li>\n<li>Buzlu bir zemin veya buzlanmaya elveri\u015fli bir hava oldu\u011funu uyaran \u0131\u015f\u0131kt\u0131r.<\/li>\n<li>Araban\u0131z\u0131n start sisteminde bir ar\u0131za oldu\u011fu uyar\u0131s\u0131n\u0131 vermek i\u00e7in yanan \u0131\u015f\u0131kt\u0131r.<\/li>\n<li>Anahtar\u0131n arabada olmad\u0131\u011f\u0131n\u0131 g\u00f6steren \u0131\u015f\u0131kt\u0131r.<\/li>\n<li>Kumanda pilinin d\u00fc\u015f\u00fck seviyede oldu\u011funu belirtmek i\u00e7in yanan \u0131\u015f\u0131kt\u0131r.<\/li>\n<li>Takip mesafesinin ayarlanmas\u0131 gerekti\u011fini belirten \u0131\u015f\u0131kt\u0131r.<\/li>\n<li>Fren pedal\u0131n\u0131n kilitli oldu\u011fu anlam\u0131na gelir.<\/li>\n<li>Debriyaj sistemine yar\u0131m bas\u0131ld\u0131\u011f\u0131nda uyar\u0131 veren \u0131\u015f\u0131kt\u0131r.<\/li>\n<li>Direksiyon sisteminin kilitli oldu\u011funu belirten \u0131\u015f\u0131kt\u0131r.<\/li>\n<li>Uzun farlar\u0131 a\u00e7\u0131k oldu\u011funu belirten \u0131\u015f\u0131kt\u0131r.<\/li>\n<li>Lastiklerin havas\u0131n\u0131n d\u00fc\u015f\u00fck seviyede oldu\u011funu belirten \u0131\u015f\u0131kt\u0131r.<\/li>\n<li>K\u0131sa farlar, sinyaller veya stop lambalar\u0131n\u0131n aktif oldu\u011funu belirten \u0131\u015f\u0131kt\u0131r.<\/li>\n<li>Fren lambalar\u0131 ile ilgili sorunu belirtmek i\u00e7in yanan \u0131\u015f\u0131kt\u0131r.<\/li>\n<li>Dizel arabalar i\u00e7in partik\u00fcl filtresinin eskidi\u011fi veya t\u0131kand\u0131\u011f\u0131n\u0131 uyaran \u0131\u015f\u0131kt\u0131r.<\/li>\n<li>Filtre sistemindeki ar\u0131zay\u0131 belirtmek i\u00e7in yanan \u0131\u015f\u0131kt\u0131r.<\/li>\n<li>R\u00f6mork ba\u011flant\u0131s\u0131 bulunan arabalarda elektrik ba\u011flant\u0131s\u0131n\u0131n kesik veya ar\u0131zal\u0131 oldu\u011funu belirtmek i\u00e7in yanan \u0131\u015f\u0131kt\u0131r.<\/li>\n<li>Haval\u0131 s\u00fcspansiyon olan ara\u00e7larda yanan ar\u0131za \u0131\u015f\u0131\u011f\u0131d\u0131r.<\/li>\n<li>Sinyal vermeden \u015ferit de\u011fi\u015ftirme durumunda yanan \u0131\u015f\u0131kt\u0131r.<\/li>\n<li>Kataliz\u00f6r sistemindeki ar\u0131zalar\u0131 g\u00f6stermek i\u00e7in yanan \u0131\u015f\u0131kt\u0131r.<\/li>\n<li>Emniyet kemeri tak\u0131l\u0131 de\u011filken yanan \u0131\u015f\u0131kt\u0131r.<\/li>\n<li>El feneri \u00e7ekili oldu\u011fu durumda yada otomatik vites ara\u00e7lar\u0131n\u0131n park modunda oldu\u011funu belirtmek i\u00e7in yanan \u0131\u015f\u0131kt\u0131r.<\/li>\n<li>Ak\u00fc ve enerji sistemindeki ar\u0131zalar\u0131 g\u00f6stermek i\u00e7in yanan \u0131\u015f\u0131kt\u0131r.<\/li>\n<li>Park sens\u00f6rlerinin a\u00e7\u0131k oldu\u011fu durumda yanan \u0131\u015f\u0131kt\u0131r.<\/li>\n<li>Genel bir ar\u0131za veya servise gidilmesi gerekti\u011fini belirten \u0131\u015f\u0131kt\u0131r.<\/li>\n<li>Fark a\u00e7\u0131k veya uzun farlar\u0131n a\u00e7\u0131k oldu\u011funu g\u00f6steren \u0131\u015f\u0131kt\u0131r.<\/li>\n<li>Far y\u00fckseklik ayar\u0131n\u0131n yap\u0131lmas\u0131 gerekti\u011fini belirtmek i\u00e7in yanan \u0131\u015f\u0131kt\u0131r.<\/li>\n<li>Arka r\u00fczgarl\u0131\u011f\u0131n\u0131n a\u00e7\u0131k kald\u0131\u011f\u0131n\u0131 g\u00f6steren \u0131\u015f\u0131kt\u0131r. Bu \u0131\u015f\u0131k spor arabalarda bulunmaktad\u0131r.<\/li>\n<li>A\u00e7\u0131l\u0131r tavana sahip olan ara\u00e7larda bulunan bir \u0131\u015f\u0131kt\u0131r.<\/li>\n<li>Hava yast\u0131\u011f\u0131 (airbag) olan ara\u00e7larda ar\u0131za oldu\u011fu durumlarda yanan \u0131\u015f\u0131kt\u0131r.<\/li>\n<li>El freni \u00e7ekili oldu\u011fu zamanda yanan \u0131\u015f\u0131kt\u0131r.<\/li>\n<li>Yak\u0131t\u0131n azald\u0131\u011f\u0131n\u0131 g\u00f6steren \u0131\u015f\u0131kt\u0131r.<\/li>\n<li>Hava yast\u0131\u011f\u0131 sisteminin ar\u0131zal\u0131 oldu\u011funu belirten \u0131\u015f\u0131kt\u0131r.<\/li>\n<li>Mekanik veya elektrik sisteminde bir sorun oldu\u011funu g\u00f6steren \u0131\u015f\u0131kt\u0131r.<\/li>\n<li>K\u0131sa farlar a\u00e7\u0131k iken uyar\u0131 veren \u0131\u015f\u0131kt\u0131r.<\/li>\n<li>Hava filtresinin kirlendi\u011finde yanan \u0131\u015f\u0131kt\u0131r.<\/li>\n<li>Ekonomik modun aktif oldu\u011funu belirten \u0131\u015f\u0131kt\u0131r.<\/li>\n<li>Yoku\u015f kalk\u0131\u015f ve ini\u015f sisteminin aktif oldu\u011funu belirten \u0131\u015f\u0131kt\u0131r.<\/li>\n<li>So\u011futma suyunda var olan sorunu belirtmek i\u00e7in yanan \u0131\u015f\u0131kt\u0131r.<\/li>\n<li>ABS fren sistemindeki ar\u0131zay\u0131 g\u00f6stermek i\u00e7in yanan \u0131\u015f\u0131kt\u0131r.<\/li>\n<li>Yak\u0131t filtresinin kirlenmi\u015f oldu\u011funu g\u00f6steren \u0131\u015f\u0131kt\u0131r.<\/li>\n<li>Kap\u0131lardan herhangi birinin a\u00e7\u0131k oldu\u011funda uyar\u0131 veren \u0131\u015f\u0131kt\u0131r.<\/li>\n<li>Motor kaputunun a\u00e7\u0131k oldu\u011funu g\u00f6steren \u0131\u015f\u0131kt\u0131r.<\/li>\n<li>Azalan yak\u0131t durumunu belirten \u0131\u015f\u0131kt\u0131r.<\/li>\n<li>Otomatik \u015fanz\u0131man bulunan ara\u00e7larda ar\u0131za durumunda yanan \u0131\u015f\u0131kt\u0131r.<\/li>\n<li>H\u0131z s\u0131n\u0131rlay\u0131c\u0131s\u0131 olan ara\u00e7larda h\u0131z s\u0131n\u0131r\u0131 a\u015f\u0131ld\u0131\u011f\u0131nda yanan \u0131\u015f\u0131kt\u0131r.<\/li>\n<li>S\u00fcspansiyon sistemindeki ar\u0131zay\u0131 belirtmek i\u00e7in yanan \u0131\u015f\u0131kt\u0131r.<\/li>\n<li>D\u00fc\u015f\u00fck ya\u011f seviyesini ve bas\u0131nc\u0131n\u0131 belirtmek i\u00e7in yanan \u0131\u015f\u0131kt\u0131r.<\/li>\n<li>\u00d6n cam\u0131n buz \u00e7\u00f6z\u00fc\u015f\u00fcn\u00fcn aktif oldu\u011funu g\u00f6steren \u0131\u015f\u0131kt\u0131r.<\/li>\n<li>Bagaj kapa\u011f\u0131 a\u00e7\u0131k kald\u0131\u011f\u0131nda yanan \u0131\u015f\u0131kt\u0131r.<\/li>\n<li>ESP sisteminin kapal\u0131 oldu\u011funu g\u00f6steren \u0131\u015f\u0131kt\u0131r.<\/li>\n<li>Ya\u011fmur sens\u00f6r\u00fcn\u00fcn a\u00e7\u0131k oldu\u011funda yanan \u0131\u015f\u0131kt\u0131r. (ya\u011fmur sens\u00f6r\u00fc olan ara\u00e7larda bulunur)<\/li>\n<li>Check anlam\u0131na gelmekle birlikte motorda var olan ar\u0131zay\u0131 g\u00f6stermek i\u00e7in yanan \u0131\u015f\u0131kt\u0131r.<\/li>\n<li>Arka cam buz \u00e7\u00f6z\u00fc\u015f\u00fcn\u00fcn aktif oldu\u011funu belirtmek i\u00e7in yanan \u0131\u015f\u0131kt\u0131r.<\/li>\n<li>Otomatik cam silece\u011finin aktif oldu\u011funu belirtmek i\u00e7in yanan \u0131\u015f\u0131kt\u0131r.<\/li>\n<\/ol>\n<p><strong>NOT:<\/strong>\u00a0Uyar\u0131 ve simgeler otomobil markalar\u0131na g\u00f6re de\u011fi\u015fiklik g\u00f6stermektedir.<\/p>\n","protected":false},"excerpt":{"rendered":"<p>Otomobillerde G\u00f6sterge Panelindeki I\u015f\u0131klar\u0131n Anlam\u0131 \u00d6n sis farlar\u0131n\u0131z a\u00e7\u0131k kald\u0131\u011f\u0131nda uyar\u0131 veren \u0131\u015f\u0131kt\u0131r. Hidrolik direksiyon sisteminde olu\u015fan bir ar\u0131zan\u0131n uyar\u0131s\u0131 i\u00e7in yanan \u0131\u015f\u0131kt\u0131r. Arka sis farlar\u0131n\u0131n a\u00e7\u0131k kald\u0131\u011f\u0131nda yanan uyar\u0131 \u0131\u015f\u0131\u011f\u0131d\u0131r. Cam suyu veya s\u0131v\u0131s\u0131n\u0131n d\u00fc\u015f\u00fck oldu\u011funu belirtmek i\u00e7in yanan \u0131\u015f\u0131kt\u0131r. Fren balatalar\u0131n\u0131n a\u015f\u0131nm\u0131\u015f veya \u00f6mr\u00fcn\u00fcn tamamlamak \u00fczere oldu\u011funda uyar\u0131 veren \u0131\u015f\u0131kt\u0131r. Cruise control (H\u0131z [&hellip;]<\/p>\n","protected":false},"author":1,"featured_media":0,"comment_status":"open","ping_status":"open","sticky":false,"template":"","format":"standard","meta":{"om_disable_all_campaigns":false,"_monsterinsights_skip_tracking":false,"_monsterinsights_sitenote_active":false,"_monsterinsights_sitenote_note":"","_monsterinsights_sitenote_category":0,"_uf_show_specific_survey":0,"_uf_disable_surveys":false,"footnotes":"","_links_to":"","_links_to_target":""},"categories":[1],"tags":[2724,2729,2677,2723,2728,2725,2727,1622,2726],"class_list":["post-5941","post","type-post","status-publish","format-standard","hentry","category-genel","tag-anlamlari","tag-ediyor","tag-geliyor","tag-gosterge","tag-ifade","tag-isik","tag-ne-anlama","tag-otomobil","tag-yandiginda","has-post-title","has-post-date","has-post-category","has-post-tag","has-post-comment","has-post-author",""],"aioseo_notices":[],"views":1226,"_links":{"self":[{"href":"https:\/\/www.karadere.com\/blog\/wp-json\/wp\/v2\/posts\/5941","targetHints":{"allow":["GET"]}}],"collection":[{"href":"https:\/\/www.karadere.com\/blog\/wp-json\/wp\/v2\/posts"}],"about":[{"href":"https:\/\/www.karadere.com\/blog\/wp-json\/wp\/v2\/types\/post"}],"author":[{"embeddable":true,"href":"https:\/\/www.karadere.com\/blog\/wp-json\/wp\/v2\/users\/1"}],"replies":[{"embeddable":true,"href":"https:\/\/www.karadere.com\/blog\/wp-json\/wp\/v2\/comments?post=5941"}],"version-history":[{"count":1,"href":"https:\/\/www.karadere.com\/blog\/wp-json\/wp\/v2\/posts\/5941\/revisions"}],"predecessor-version":[{"id":5942,"href":"https:\/\/www.karadere.com\/blog\/wp-json\/wp\/v2\/posts\/5941\/revisions\/5942"}],"wp:attachment":[{"href":"https:\/\/www.karadere.com\/blog\/wp-json\/wp\/v2\/media?parent=5941"}],"wp:term":[{"taxonomy":"category","embeddable":true,"href":"https:\/\/www.karadere.com\/blog\/wp-json\/wp\/v2\/categories?post=5941"},{"taxonomy":"post_tag","embeddable":true,"href":"https:\/\/www.karadere.com\/blog\/wp-json\/wp\/v2\/tags?post=5941"}],"curies":[{"name":"wp","href":"https:\/\/api.w.org\/{rel}","templated":true}]}}