{"id":5165,"date":"2015-07-06T09:07:47","date_gmt":"2015-07-06T07:07:47","guid":{"rendered":"http:\/\/www.karadere.com\/blog\/?p=5165"},"modified":"2015-07-06T09:07:47","modified_gmt":"2015-07-06T07:07:47","slug":"sony-xperia-z5-ne-zaman-cikacak","status":"publish","type":"post","link":"https:\/\/www.karadere.com\/blog\/sony-xperia-z5-ne-zaman-cikacak.html","title":{"rendered":"Sony Xperia Z5 ne zaman \u00e7\u0131kacak ?"},"content":{"rendered":"<p>Merhabalar uzun s\u00fcredir sony ile ilgili yazm\u0131yorum.<\/p>\n<p><img loading=\"lazy\" decoding=\"async\" class=\"alignnone\" src=\"http:\/\/i.milliyet.com.tr\/YeniAnaResim\/2015\/07\/06\/sony-xperia-z5-in-cikis-tarihi-ve-ozellikleri-sizdirildi--5815370.Jpeg\" alt=\"\" width=\"298\" height=\"286\" \/><\/p>\n<p>Biraz k\u00fcsk\u00fcn olabilirim ama sony de yine bomba haberler geliyor Xperia Z4 ile ilgili sony bizi ter k\u00f6\u015fe yapm\u0131\u015ft\u0131 avrupada z3 plus japonyada ize z4 diye duyurmu\u015ftu. bir sonraki model hayli ile Z5 olaca\u011fa benziyor.<\/p>\n<p>810 da ya\u015fanan sorunlardan z4 \u00fcr\u00fcn\u00fcnde lansman\u0131 ciddi tutmad\u0131lar CES de bekledi\u011fimiz Z4 tan\u0131t\u0131lmad\u0131 . ama bu sefer sony bu \u0131s\u0131nma ile ilgili yedi\u011fi kaz\u0131klardan i\u015fi s\u0131k\u0131 tutacakt\u0131r . 820 chip set ile ilgili sony birebir snapdrogan firma ile \u00e7al\u0131\u015f\u0131yor diyebiliriz. hatta 820 sony i\u00e7in tasarl\u0131yor.<\/p>\n<p>810 daki sorunlar\u0131 gideren 810 v2 si \u00e7\u0131ksa bile sony 820 ye odaklanm\u0131\u015f durumda<\/p>\n<p>\u015fiddetle xperia z3 \u00f6neriyor z3 plus \u00f6nermiyorum zaten ciddi farklar yok z3 plus ta \u015farj b\u00f6l\u00fcm\u00fc a\u00e7\u0131k ama su ge\u00e7irmezli\u011fi bir nevi alfa beta testi i\u00e7in test etti. evet sony ge\u00e7en sene ciddi bir donan\u0131ml\u0131 bir \u00fcr\u00fcn \u00fczerine 1 y\u0131ld\u0131r \u00e7al\u0131\u015facaklar\u0131n\u0131 s\u00f6ylemi\u015fti. yeni gelen baz\u0131 teknolojilerde var bunlar\u0131n oturma s\u00fcre\u00e7leri. Mesela art\u0131k andorid M ile beraber parmak okuyucu sens\u00f6r bir standart \u00f6demeler i\u00e7in birde USB 3.0 type c var .<\/p>\n<p>parmak okuyucu kredi kart\u0131 \u00f6demelerindeki NFC ile beraber \u015fifre onay\u0131n\u0131 parmak okuyucu ile ge\u00e7meyi sa\u011flayan yeni bir g\u00fcvenlik anahtar\u0131.<\/p>\n<p>type -c ise usb 3.0 soketin mobilize edilmilmi\u015f mobil d\u00fcnya i\u00e7in ufat\u0131lm\u0131\u015f soket hali . micro usb soket yerine gelecek yeni soket evet \u00f6n\u00fcm\u00fczdeki senelerde android en g\u00fczel olay\u0131 olan kablo \u015farj sorunu yoktu ama type c \u00a0yay\u0131lana kadar iki kablo aray\u0131\u015f\u0131 \u00e7\u0131kacak.<\/p>\n<p>sony de z5 de parmak okuyucu ve type c ilk ge\u00e7en olmak istiyor . Z5 de \u00e7\u0131kmas\u0131 muhtemel ihtimaller.<\/p>\n<p>di\u011fer beklentiler ise kamerada uzun zamand\u0131r sony 2 &#8211; 3 y\u0131ld\u0131r lens 20.7 de tak\u0131l\u0131p duruyor rakiplerde bu s\u00fcre\u00e7te ge\u00e7emedi ama yeni bir lens yapm\u0131\u015flard\u0131 kanaatindeyim lens de\u011fi\u015fecektir.<\/p>\n<p>tasar\u0131m da ise su ge\u00e7irmezlik art\u0131k z serisinin vaz ge\u00e7ilmez standart\u0131 her modelde su alt\u0131 bas\u0131n\u00e7 ve s\u00fcreyi art\u0131ran sony z3 plusta ise kapaklar\u0131 azalt\u0131p a\u00e7\u0131k kapakl\u0131 \u015farj soketini geli\u015ftirdi \u00a0. sony her modelde bir \u00e7\u0131ta \u00fcste ta\u015f\u0131r \ud83d\ude42<\/p>\n<p><strong>4GB RAM<\/strong>, yeni nesil parmak izi okuyucu ve <strong>4500mAh<\/strong> b\u00fcy\u00fckl\u00fc\u011f\u00fcndeki dev batarya ile gelece\u011fi s\u00f6yleniyor. pil sorununa yaz\u0131l\u0131msal olarak 2 g\u00fcne \u00e7\u0131akran sony z3 en iyi \u015farj\u0131 giden telefon bu bir ger\u00e7ek. ama i\u015f sadece yaz\u0131l\u0131m optimizasyonu ile olmuyor.<\/p>\n<p>olay pillerin donan\u0131msal enerji tutma \u00f6m\u00fcrlerinde t\u00fcm firmalar yeni bir pil teknolojisi \u00fczerine 5 y\u0131ld\u0131r yo\u011funla\u015fm\u0131\u015f durumda .<\/p>\n<p>sony yeni bir pil bulmu\u015f olabilir yada mevcut lityum pillerde 2 kat art\u0131\u015f sa\u011flayan \u00fcretim teknolojisine ge\u00e7mi\u015f olabilir yani ayni hacim ve a\u011f\u0131rl\u0131kta ayn\u0131 teknolojik pilde 2 kat\u0131 depolama s\u0131\u011fd\u0131rma dan bahsediyorum .4500 mah \u00e7ok iddal\u0131 . 3000 mah 2 g\u00fcn ise 4500 de 3 g\u00fcne \u00e7\u0131kar\u0131r lansmanda pil 3 diye tan\u0131t\u0131rlar s\u00f6ylemedi demeyin.<\/p>\n<p>gelelim ram i\u015fine 810 chip sette yani z3 de ben 4gb bekliyordum ama gelmedi. teknik olarak 4gb ram 64 bt mimarisinde ge\u00e7ebiliyorsunuz. 32 biti \u015flemciler maksimum 3 gb ram s\u0131n\u0131r\u0131na tak\u0131l\u0131r. 820 de 64 bit olunca 4gb yine destekler asus ise intel 64 bit i\u015flemci ile 4 gb ilk ram l\u00fc telefonu satmaya ba\u015flad\u0131 ve bende ald\u0131m kullan\u0131yorum zaten \ud83d\ude42<\/p>\n<p>820 4gb ram kesin gelmeli 3gb gelirse ram hayal k\u0131r\u0131kl\u0131\u011f\u0131 olur .<\/p>\n<p><strong>21MP Sony Exmor RS IMX230 CMOS<\/strong> sens\u00f6rl\u00fc,\u00a0<strong>4K video kayd\u0131<\/strong> yapabilen arka kamera\u00a0s\u00f6ylentileride kuvvetli ama 30 mpixel ge\u00e7ebilir<\/p>\n<p>\u00f6n kamerada g\u00fc\u00e7lenecektir kanaatindeyim 13 mega pixel geni\u015f a\u00e7\u0131l\u0131 bir \u015fey gelebilir . yada 10 mpixel.<\/p>\n<p>gelelim son kez ekran olay\u0131na ekrna da ise 4k ekran gelecek diyorlar sony 2k gerek yok g\u00f6z g\u00f6rmedi\u011fi \u015feyi neden yapal\u0131m derdi birde performans ve pilide d\u00fc\u015f\u00fcyordu du 4k yaparsa kendi dedi\u011fi ile ge\u00e7mi\u015fi ile \u00e7eli\u015fir ben\u00a0zaten 2k ve 4k ya inanm\u0131yorum. bu sebepten en fazla sony 2k yapar gibi geldi bence hd olsun gerek yok pil yemesin fiyatta d\u00fc\u015f\u00fck olsun hemde performans\u0131 etkiler.<\/p>\n<p>Di\u011fer sony modelleri de \u00e7\u0131kacak z4 de bekledi\u011fimiz modeller z5 de \u00e7\u0131kacak.<\/p>\n<p><strong>Xperia Z5<\/strong>, <strong>Xperia Z5 Compact<\/strong> ve <strong>Xperia Z5 Ultra modellerinin tan\u0131t\u0131lmas\u0131n\u0131 IFA 2015 de bekliyorum.<\/strong><\/p>\n<p>&nbsp;<\/p>\n<p><strong>Gelelim Sony \u00a0Xperia z5 ne \u00a0zaman \u00e7\u0131kar ?<\/strong><\/p>\n<p>Sony de bir gelenektir IFA fuarlar\u0131 bir ba\u015fkad\u0131r sony bombalar\u0131 IFA &#8216;da patlat\u0131r. eyl\u00fcl ilk haftas\u0131 ifa 2015 berlin &#8216;de tan\u0131t\u0131r bu modeli gibi geliyor .z3 plus amiral de\u011fil k\u00fc\u00e7\u00fck dokunu\u015flar yapt\u0131\u011f\u0131m\u0131z ara bir \u00fcr\u00fcnd\u00fcr demi\u015flerdi.<\/p>\n<p>&nbsp;<\/p>\n","protected":false},"excerpt":{"rendered":"<p>Merhabalar uzun s\u00fcredir sony ile ilgili yazm\u0131yorum. Biraz k\u00fcsk\u00fcn olabilirim ama sony de yine bomba haberler geliyor Xperia Z4 ile ilgili sony bizi ter k\u00f6\u015fe yapm\u0131\u015ft\u0131 avrupada z3 plus japonyada ize z4 diye duyurmu\u015ftu. bir sonraki model hayli ile Z5 olaca\u011fa benziyor. 810 da ya\u015fanan sorunlardan z4 \u00fcr\u00fcn\u00fcnde lansman\u0131 ciddi tutmad\u0131lar CES de bekledi\u011fimiz Z4 [&hellip;]<\/p>\n","protected":false},"author":1,"featured_media":0,"comment_status":"open","ping_status":"open","sticky":false,"template":"","format":"standard","meta":{"om_disable_all_campaigns":false,"_monsterinsights_skip_tracking":false,"_monsterinsights_sitenote_active":false,"_monsterinsights_sitenote_note":"","_monsterinsights_sitenote_category":0,"_uf_show_specific_survey":0,"_uf_disable_surveys":false,"footnotes":"","_links_to":"","_links_to_target":""},"categories":[27,156,188,189,190],"tags":[2333],"class_list":["post-5165","post","type-post","status-publish","format-standard","hentry","category-mobile","category-sony-android","category-xperia-z5","category-xperia-z5-compact","category-xperia-z5-ultra","tag-xperia-z5","has-post-title","has-post-date","has-post-category","has-post-tag","has-post-comment","has-post-author",""],"aioseo_notices":[],"views":1991,"_links":{"self":[{"href":"https:\/\/www.karadere.com\/blog\/wp-json\/wp\/v2\/posts\/5165","targetHints":{"allow":["GET"]}}],"collection":[{"href":"https:\/\/www.karadere.com\/blog\/wp-json\/wp\/v2\/posts"}],"about":[{"href":"https:\/\/www.karadere.com\/blog\/wp-json\/wp\/v2\/types\/post"}],"author":[{"embeddable":true,"href":"https:\/\/www.karadere.com\/blog\/wp-json\/wp\/v2\/users\/1"}],"replies":[{"embeddable":true,"href":"https:\/\/www.karadere.com\/blog\/wp-json\/wp\/v2\/comments?post=5165"}],"version-history":[{"count":0,"href":"https:\/\/www.karadere.com\/blog\/wp-json\/wp\/v2\/posts\/5165\/revisions"}],"wp:attachment":[{"href":"https:\/\/www.karadere.com\/blog\/wp-json\/wp\/v2\/media?parent=5165"}],"wp:term":[{"taxonomy":"category","embeddable":true,"href":"https:\/\/www.karadere.com\/blog\/wp-json\/wp\/v2\/categories?post=5165"},{"taxonomy":"post_tag","embeddable":true,"href":"https:\/\/www.karadere.com\/blog\/wp-json\/wp\/v2\/tags?post=5165"}],"curies":[{"name":"wp","href":"https:\/\/api.w.org\/{rel}","templated":true}]}}