{"id":5131,"date":"2015-05-26T11:15:38","date_gmt":"2015-05-26T09:15:38","guid":{"rendered":"http:\/\/www.karadere.com\/blog\/?p=5131"},"modified":"2015-05-26T11:15:38","modified_gmt":"2015-05-26T09:15:38","slug":"sony-xperia-z3-cikti","status":"publish","type":"post","link":"https:\/\/www.karadere.com\/blog\/sony-xperia-z3-cikti.html","title":{"rendered":"Sony Xperia Z3+ \u00e7\u0131kt\u0131"},"content":{"rendered":"<p>Merhabalar,<\/p>\n<p>Z4 beklerken Z3 plus \u00e7\u0131kt\u0131. Z4 \u00fc CES 2015 de beklerken sony ara \u00fcr\u00fcnleri tan\u0131tt\u0131. Sony yetkililerinden ald\u0131\u011f\u0131m bilgilere g\u00f6re rakipleri bekledi Sony samsung ve LG den sonra bilerek \u00fcr\u00fcn\u00fc ge\u00e7 s\u00fcrd\u00fc bence sony de daha baba bir \u00fcr\u00fcn var haz\u0131rda ama \u00e7\u0131karmad\u0131 \u00e7\u00fcnk\u00fc rakipler \u00e7ok iddal\u0131 \u00e7\u0131kmad\u0131 LG \u00a0G4 de 808 ara i\u015flemci ile hayal k\u0131r\u0131kl\u0131\u011f\u0131. 810 ile \u00e7\u0131ksa LG sony de z4 deki bombalar\u0131 patlatacakt\u0131 bence sony IFA yada CES 2016 ciddi bir g\u00fc\u00e7 g\u00f6sterisi yapacak 2 y\u0131ld\u0131r 20 Mpixel &#8216;e tak\u0131ld\u0131 kald\u0131 daha iyisini yapm\u0131\u015ft\u0131r ama 2016 daki Z4 yada z5 ad\u0131 ne olacak ise ondan kamerada sony devrim yapacak. Hep yeni i\u015flemciden gol yiyorlar 810 \u0131s\u0131nma sorunlar\u0131n\u0131 sony giderdimi bakaca\u011f\u0131z bu plus \u00fcr\u00fcn\u00fc nas\u0131l.<\/p>\n<p><img loading=\"lazy\" decoding=\"async\" class=\"alignnone\" src=\"http:\/\/cdn2.gsmarena.com\/vv\/pics\/sony\/sony-xperia-z3-01.jpg\" alt=\"\" width=\"580\" height=\"500\" \/><\/p>\n<p><img loading=\"lazy\" decoding=\"async\" class=\"alignnone\" src=\"http:\/\/blogs.sonymobile.com\/wp-content\/uploads\/2015\/05\/Z3-side-embed-bcafa4f543f9d68fd503055f69eb709c.jpg\" alt=\"\" width=\"620\" height=\"96\" \/><\/p>\n<p><a href=\"http:\/\/blogs.sonymobile.com\/press_release\/introducing-new-xperia-z3-plus\/\" target=\"_blank\">http:\/\/blogs.sonymobile.com\/press_release\/introducing-new-xperia-z3-plus\/<\/a><\/p>\n<p><a href=\"http:\/\/www.sonymobile.com\/global-en\/products\/phones\/xperia-z3-plus\/specifications\/\" target=\"_blank\">http:\/\/www.sonymobile.com\/global-en\/products\/phones\/xperia-z3-plus\/specifications\/<\/a><\/p>\n<p>http:\/\/www.gsmarena.com\/sony_xperia_z4-6878.php<\/p>\n<p>&nbsp;<\/p>\n<p>Cihaz\u0131n fiyat\u0131 ise yakla\u015f\u0131k 2499 TL olacak. (32GB versiyonunda.)<\/p>\n<div class=\"post-video\"><iframe loading=\"lazy\" width=\"1165\" height=\"655\" src=\"https:\/\/www.youtube.com\/embed\/HkXAuPowHYo?wmode=transparent&#038;fs=1\"  allowfullscreen><\/iframe><\/div>\n<h3><strong>Xperia Z3+ teknik \u00f6zellikleri<\/strong><\/h3>\n<p>Xperia Z3+ sadece\u00a0<strong>6.4mm<\/strong>\u00a0kal\u0131nl\u0131\u011f\u0131nda bir\u00a0<strong>metal<\/strong>\u00a0kasaya \u00a0a\u011f\u0131rl\u0131\u011f\u0131 ise\u00a0<strong>144<\/strong>\u00a0<strong>gram <\/strong>z3 \u00a0de oldu\u011fu gibi. plus olmas\u0131ndan da anla\u015f\u0131laca\u011f\u0131 gibi Z3 \u00fcn biraz donan\u0131m\u0131 yenilenmi\u015f hali.<\/p>\n<p><strong>IP55<\/strong>\u00a0ve\u00a0<strong>IP58<\/strong>\u00a0su ve toz ge\u00e7irmez sertifikas\u0131na sahip olan Xperia Z3+, Xperia Z3 gibi suya ve toza kar\u015f\u0131 dayan\u0131kl\u0131 bir yap\u0131da.<\/p>\n<p>Xperia Z3+&#8217;ta i\u015flemci olarak\u00a0<strong>64 Bit<\/strong>\u00a0mimarili\u00a0<strong>2 GHz<\/strong>\u00a0h\u0131z\u0131nda\u00a0<strong>Snapdragon<\/strong>\u00a0<strong>810<\/strong>\u00a0yonga seti kullan\u0131l\u0131yor. Bu g\u00fc\u00e7l\u00fc i\u015flemci\u00a0<strong>3 GB RAM<\/strong>\u00a0ile destekleniyor. Cihaz ayr\u0131ca\u00a0<strong>32 GB<\/strong>\u00a0dahili depolama haf\u0131zas\u0131na sahip. Ram yine 3 \u00a0GB olmam\u0131\u015f 4 Gb yapbariki plus oldu\u011fu olsun.<\/p>\n<p>Xperia Z3+\u00a0beklenildi\u011fi gibi \u00e7ok y\u00fcksek \u00e7\u00f6z\u00fcn\u00fcrl\u00fckl\u00fc bir ekran yok. Xperia Z3 ile ayn\u0131 ekran kullan\u0131lm\u0131\u015f<\/p>\n<p>Cihaz<strong>\u00a05.2 in\u00e7<\/strong>\u00a0b\u00fcy\u00fckl\u00fc\u011f\u00fcnde\u00a0<strong>Full<\/strong>\u00a0<strong>HD<\/strong>\u00a0\u00e7\u00f6z\u00fcn\u00fcrl\u00fc\u011f\u00fcnde\u00a0<strong>LCD<\/strong>\u00a0ekran ile geliyor. Bu ekran Full HD olmas\u0131na kar\u015f\u0131l\u0131k geli\u015fmi\u015f g\u00f6r\u00fcnt\u00fcleme se\u00e7ene\u011fi sunan\u00a0<strong>TRILUMINOS<\/strong>\u00a0ve\u00a0<strong>Live<\/strong>\u00a0<strong>Colour<\/strong>\u00a0<strong>LED<\/strong>\u00a0teknolojilerini bar\u0131nd\u0131r\u0131yor.<\/p>\n<p>Xperia Z3+\u2019\u0131n arka kameras\u0131\u00a0<strong>20.7 Megapiksel<\/strong>\u00a0\u00e7\u00f6z\u00fcn\u00fcrl\u00fc\u011f\u00fcnde ve \u00f6n kameras\u0131 ise\u00a0<strong>5.1<\/strong>\u00a0<strong>Megapiksel<\/strong>\u00a0\u00e7\u00f6z\u00fcn\u00fcrl\u00fc\u011f\u00fcnde.<\/p>\n<p>Bu kamera\u00a0<strong>Exmor<\/strong>\u00a0RS sens\u00f6re sahip ve\u00a0<strong>4K<\/strong>\u00a0video kayd\u0131 ger\u00e7ekle\u015ftirebiliyor.\u00a0<strong>Xperia\u00a0Z3+\u00a0<\/strong>&#8216;\u00fcn kameras\u0131\u00a0<strong>12800<\/strong><strong>ISO<\/strong>\u00a0de\u011feri ile d\u00fc\u015f\u00fck \u0131\u015f\u0131kta \u00e7ok iddial\u0131.<\/p>\n<p><strong>2930<\/strong>\u00a0<strong>mAh<\/strong>\u00a0kapasiteli\u00a0batarya\u00a0ile g\u00fcn i\u00e7erisinde uzun bir kullan\u0131m sunacak olan Xperia Z3+\u00a0,\u00a0<strong>Android 5.0 Lollipop<\/strong>\u00a0s\u00fcr\u00fcm\u00fc ile sat\u0131\u015fa iki hafta i\u00e7inde \u00e7\u0131kacak..<\/p>\n<p>&nbsp;<\/p>\n<p>Z4 \u00e7\u0131kana kadar bekleyece\u011fim IFA 2015 yada CES 2016 her neyse.<\/p>\n<p>&nbsp;<\/p>\n<p>&nbsp;<\/p>\n<p>&nbsp;<\/p>\n","protected":false},"excerpt":{"rendered":"<p>Sony Xperia Z3+ \u00e7\u0131kt\u0131<\/p>\n","protected":false},"author":1,"featured_media":0,"comment_status":"open","ping_status":"open","sticky":false,"template":"","format":"standard","meta":{"om_disable_all_campaigns":false,"_monsterinsights_skip_tracking":false,"_monsterinsights_sitenote_active":false,"_monsterinsights_sitenote_note":"","_monsterinsights_sitenote_category":0,"_uf_show_specific_survey":0,"_uf_disable_surveys":false,"footnotes":"","_links_to":"","_links_to_target":""},"categories":[6,156,182,192],"tags":[686,1938,2328,2418],"class_list":["post-5131","post","type-post","status-publish","format-standard","hentry","category-bilisim-it-haber","category-sony-android","category-xperia-z3","category-z3","tag-cikti","tag-sony","tag-xperia-z3-cikti","tag-z3","has-post-title","has-post-date","has-post-category","has-post-tag","has-post-comment","has-post-author",""],"aioseo_notices":[],"views":1498,"_links":{"self":[{"href":"https:\/\/www.karadere.com\/blog\/wp-json\/wp\/v2\/posts\/5131","targetHints":{"allow":["GET"]}}],"collection":[{"href":"https:\/\/www.karadere.com\/blog\/wp-json\/wp\/v2\/posts"}],"about":[{"href":"https:\/\/www.karadere.com\/blog\/wp-json\/wp\/v2\/types\/post"}],"author":[{"embeddable":true,"href":"https:\/\/www.karadere.com\/blog\/wp-json\/wp\/v2\/users\/1"}],"replies":[{"embeddable":true,"href":"https:\/\/www.karadere.com\/blog\/wp-json\/wp\/v2\/comments?post=5131"}],"version-history":[{"count":0,"href":"https:\/\/www.karadere.com\/blog\/wp-json\/wp\/v2\/posts\/5131\/revisions"}],"wp:attachment":[{"href":"https:\/\/www.karadere.com\/blog\/wp-json\/wp\/v2\/media?parent=5131"}],"wp:term":[{"taxonomy":"category","embeddable":true,"href":"https:\/\/www.karadere.com\/blog\/wp-json\/wp\/v2\/categories?post=5131"},{"taxonomy":"post_tag","embeddable":true,"href":"https:\/\/www.karadere.com\/blog\/wp-json\/wp\/v2\/tags?post=5131"}],"curies":[{"name":"wp","href":"https:\/\/api.w.org\/{rel}","templated":true}]}}