{"id":4586,"date":"2014-11-01T21:00:35","date_gmt":"2014-11-01T19:00:35","guid":{"rendered":"http:\/\/www.karadere.com\/blog\/?p=4586"},"modified":"2014-11-01T21:00:35","modified_gmt":"2014-11-01T19:00:35","slug":"redhat-20-yasinda","status":"publish","type":"post","link":"https:\/\/www.karadere.com\/blog\/redhat-20-yasinda.html","title":{"rendered":"Redhat 20 ya\u015f\u0131nda"},"content":{"rendered":"<p><a href=\"http:\/\/www.redhat.com\/en\/about\/blog\/20-years-%E2%80%9Challoween%E2%80%9D-celebrating-first-release-red-hat-linux\" target=\"_blank\"><img loading=\"lazy\" decoding=\"async\" class=\"alignnone\" src=\"http:\/\/www.redhat.com\/cms\/public\/styles\/max_size\/s3private\/halloween_20year_mug_2.jpg?itok=ZygZNOzB\" alt=\"\" width=\"594\" height=\"252\" \/><\/a><\/p>\n<p>&nbsp;<\/p>\n<p>Linux da\u011f\u0131t\u0131mlar\u0131n\u0131n en pop\u00fcler free da\u011f\u0131t\u0131m olan son 5 y\u0131ld\u0131r paral\u0131 olmas\u0131na ra\u011fmen son kullan\u0131c\u0131lar\u0131n ilgisi azalsa da i\u015f d\u00fcnyas\u0131nda yayg\u0131n kullan\u0131m\u0131 devam ediyor\u00a0ve \u00a0Redhat 20 ya\u015f\u0131nda<\/p>\n","protected":false},"excerpt":{"rendered":"<p>Redhat 20 ya\u015f\u0131nda&#8230; Linux da\u011f\u0131t\u0131mlar\u0131n\u0131n en pop\u00fcler free da\u011f\u0131t\u0131m olan son 5 y\u0131ld\u0131r paral\u0131 olmas\u0131na ra\u011fmen son kullan\u0131c\u0131lar\u0131n ilgisi azalsa da i\u015f d\u00fcnyas\u0131nda yayg\u0131n kullan\u0131m\u0131 devam ediyor ve  Redhat 20 ya\u015f\u0131nda<\/p>\n","protected":false},"author":1,"featured_media":0,"comment_status":"open","ping_status":"open","sticky":false,"template":"","format":"standard","meta":{"om_disable_all_campaigns":false,"_monsterinsights_skip_tracking":false,"_monsterinsights_sitenote_active":false,"_monsterinsights_sitenote_note":"","_monsterinsights_sitenote_category":0,"_uf_show_specific_survey":0,"_uf_disable_surveys":false,"footnotes":"","_links_to":"","_links_to_target":""},"categories":[6],"tags":[282,1774,1775,2361],"class_list":["post-4586","post","type-post","status-publish","format-standard","hentry","category-bilisim-it-haber","tag-282","tag-red-hat","tag-redhat","tag-yasinda","has-post-title","has-post-date","has-post-category","has-post-tag","has-post-comment","has-post-author",""],"aioseo_notices":[],"views":1079,"_links":{"self":[{"href":"https:\/\/www.karadere.com\/blog\/wp-json\/wp\/v2\/posts\/4586","targetHints":{"allow":["GET"]}}],"collection":[{"href":"https:\/\/www.karadere.com\/blog\/wp-json\/wp\/v2\/posts"}],"about":[{"href":"https:\/\/www.karadere.com\/blog\/wp-json\/wp\/v2\/types\/post"}],"author":[{"embeddable":true,"href":"https:\/\/www.karadere.com\/blog\/wp-json\/wp\/v2\/users\/1"}],"replies":[{"embeddable":true,"href":"https:\/\/www.karadere.com\/blog\/wp-json\/wp\/v2\/comments?post=4586"}],"version-history":[{"count":0,"href":"https:\/\/www.karadere.com\/blog\/wp-json\/wp\/v2\/posts\/4586\/revisions"}],"wp:attachment":[{"href":"https:\/\/www.karadere.com\/blog\/wp-json\/wp\/v2\/media?parent=4586"}],"wp:term":[{"taxonomy":"category","embeddable":true,"href":"https:\/\/www.karadere.com\/blog\/wp-json\/wp\/v2\/categories?post=4586"},{"taxonomy":"post_tag","embeddable":true,"href":"https:\/\/www.karadere.com\/blog\/wp-json\/wp\/v2\/tags?post=4586"}],"curies":[{"name":"wp","href":"https:\/\/api.w.org\/{rel}","templated":true}]}}