{"id":4304,"date":"2014-09-01T09:10:19","date_gmt":"2014-09-01T07:10:19","guid":{"rendered":"http:\/\/www.karadere.com\/blog\/?p=4304"},"modified":"2014-09-01T09:10:19","modified_gmt":"2014-09-01T07:10:19","slug":"ifa-2014-berlin-elektronik-fuari-5-10-eylul-2014","status":"publish","type":"post","link":"https:\/\/www.karadere.com\/blog\/ifa-2014-berlin-elektronik-fuari-5-10-eylul-2014.html","title":{"rendered":"IFA 2014 Berlin Elektronik Fuar\u0131 (5-10 Eyl\u00fcl 2014)"},"content":{"rendered":"<p><img loading=\"lazy\" decoding=\"async\" class=\"alignnone\" src=\"http:\/\/www.virtualmarket.ifa-berlin.de\/images\/header-logo.svg\" alt=\"\" width=\"175\" height=\"84\" \/><\/p>\n<p>Berlin 2014 IFA \u00a0ya say\u0131l\u0131 g\u00fcnler kald\u0131 5-10 eyl\u00fcl de ger\u00e7elekle\u015fecek elektronik fuar\u0131na ak\u0131ll\u0131 telefon TV ev elektroni\u011finden ses sistemlerine araba teknolojilerine var\u0131ncaya bir \u00e7ok yeni \u00fcr\u00fcn tan\u0131t\u0131m\u0131 yap\u0131lacak.<\/p>\n<p>\u00dclke baz\u0131nda t\u00fcm kat\u0131l\u0131mc\u0131lar\u0131 g\u00f6r\u00fcnt\u00fclemek i\u00e7in t\u0131klay\u0131n\u0131z. D\u00fcnya teknoloji devlerinden yeni giri\u015fimci t\u00fcm sekt\u00f6rel firmalar \u00fcr\u00fcnlerini sergileyecek.<\/p>\n<p><a href=\"http:\/\/www.virtualmarket.ifa-berlin.de\/documents\/IFA_Exhibitor_List.pdf\" target=\"_blank\">http:\/\/www.virtualmarket.ifa-berlin.de\/documents\/IFA_Exhibitor_List.pdf<\/a><\/p>\n<p><a href=\"http:\/\/www.virtualmarket.ifa-berlin.de\/en\" target=\"_blank\">http:\/\/www.virtualmarket.ifa-berlin.de\/en<\/a><\/p>\n","protected":false},"excerpt":{"rendered":"<p>IFA 2014 Berlin Elektronik Fuar\u0131 (5-10 Eyl\u00fcl 2014)<\/p>\n","protected":false},"author":1,"featured_media":0,"comment_status":"open","ping_status":"open","sticky":false,"template":"","format":"standard","meta":{"om_disable_all_campaigns":false,"_monsterinsights_skip_tracking":false,"_monsterinsights_sitenote_active":false,"_monsterinsights_sitenote_note":"","_monsterinsights_sitenote_category":0,"_uf_show_specific_survey":0,"_uf_disable_surveys":false,"footnotes":"","_links_to":"","_links_to_target":""},"categories":[6],"tags":[288,361,574,922,988,1168],"class_list":["post-4304","post","type-post","status-publish","format-standard","hentry","category-bilisim-it-haber","tag-288","tag-5-10","tag-berlin","tag-eylul","tag-fuar","tag-ifa","has-post-title","has-post-date","has-post-category","has-post-tag","has-post-comment","has-post-author",""],"aioseo_notices":[],"views":1045,"_links":{"self":[{"href":"https:\/\/www.karadere.com\/blog\/wp-json\/wp\/v2\/posts\/4304","targetHints":{"allow":["GET"]}}],"collection":[{"href":"https:\/\/www.karadere.com\/blog\/wp-json\/wp\/v2\/posts"}],"about":[{"href":"https:\/\/www.karadere.com\/blog\/wp-json\/wp\/v2\/types\/post"}],"author":[{"embeddable":true,"href":"https:\/\/www.karadere.com\/blog\/wp-json\/wp\/v2\/users\/1"}],"replies":[{"embeddable":true,"href":"https:\/\/www.karadere.com\/blog\/wp-json\/wp\/v2\/comments?post=4304"}],"version-history":[{"count":0,"href":"https:\/\/www.karadere.com\/blog\/wp-json\/wp\/v2\/posts\/4304\/revisions"}],"wp:attachment":[{"href":"https:\/\/www.karadere.com\/blog\/wp-json\/wp\/v2\/media?parent=4304"}],"wp:term":[{"taxonomy":"category","embeddable":true,"href":"https:\/\/www.karadere.com\/blog\/wp-json\/wp\/v2\/categories?post=4304"},{"taxonomy":"post_tag","embeddable":true,"href":"https:\/\/www.karadere.com\/blog\/wp-json\/wp\/v2\/tags?post=4304"}],"curies":[{"name":"wp","href":"https:\/\/api.w.org\/{rel}","templated":true}]}}