{"id":4277,"date":"2014-08-14T21:49:50","date_gmt":"2014-08-14T19:49:50","guid":{"rendered":"http:\/\/www.karadere.com\/blog\/?p=4277"},"modified":"2014-08-14T21:49:50","modified_gmt":"2014-08-14T19:49:50","slug":"redline-uydu-recovery-yazilim-kurtarma-ts1000-modeli-icin-genel-modellerede-uygulanabilir","status":"publish","type":"post","link":"https:\/\/www.karadere.com\/blog\/redline-uydu-recovery-yazilim-kurtarma-ts1000-modeli-icin-genel-modellerede-uygulanabilir.html","title":{"rendered":"Redline uydu recovery yaz\u0131l\u0131m kurtarma Ts1000 modeli i\u00e7in genel modellerede uygulanabilir."},"content":{"rendered":"<p>ilk \u00f6nce recovery rm indiriyoruz.<\/p>\n<p>Recovery_Software__kurtarma__Yaz\u0131l\u0131m_34_TS1000<\/p>\n<p>&nbsp;<\/p>\n<p>rom.bin USB flash belle\u011fe koyuyoruz rootuna.<\/p>\n<p>sonra uydu al\u0131c\u0131y\u0131 kapay\u0131p a\u00e7\u0131yoruz a\u00e7\u0131l\u0131\u015fta uydu al\u0131c\u0131 flash bellekte rom.bin arar buluncada direk bu firmware yaz\u0131l\u0131m\u0131 otomatik y\u00fckler Rom flashlama i\u015flemi \u00fc\u00e7 ad\u0131mda olur bu i\u015flemi sonuna kadar bekleyiniz otomatik uydu kapan\u0131p v33 ile a\u00e7\u0131lacak fabrika ayarlar\u0131na d\u00f6necek t\u00fcm kanallar vs silinir.<\/p>\n<p>i\u015fte servise gitmeden uydu g\u00fcncellemede tamamland\u0131k.<\/p>\n<p>&nbsp;<\/p>\n","protected":false},"excerpt":{"rendered":"<p>Redline uydu recovery yaz\u0131l\u0131m kurtarma Ts1000 modeli i\u00e7in genel modellerede uygulanabilir.<\/p>\n","protected":false},"author":1,"featured_media":0,"comment_status":"open","ping_status":"open","sticky":false,"template":"","format":"standard","meta":{"om_disable_all_campaigns":false,"_monsterinsights_skip_tracking":false,"_monsterinsights_sitenote_active":false,"_monsterinsights_sitenote_note":"","_monsterinsights_sitenote_category":0,"_uf_show_specific_survey":0,"_uf_disable_surveys":false,"footnotes":"","_links_to":"","_links_to_target":""},"categories":[6,147,62],"tags":[259,1340,1772,1776,2102],"class_list":["post-4277","post","type-post","status-publish","format-standard","hentry","category-bilisim-it-haber","category-redline-ts-1000","category-uydu-alicilar","tag-259","tag-kurtarma","tag-recovery","tag-redline","tag-ts","has-post-title","has-post-date","has-post-category","has-post-tag","has-post-comment","has-post-author",""],"aioseo_notices":[],"views":4758,"_links":{"self":[{"href":"https:\/\/www.karadere.com\/blog\/wp-json\/wp\/v2\/posts\/4277","targetHints":{"allow":["GET"]}}],"collection":[{"href":"https:\/\/www.karadere.com\/blog\/wp-json\/wp\/v2\/posts"}],"about":[{"href":"https:\/\/www.karadere.com\/blog\/wp-json\/wp\/v2\/types\/post"}],"author":[{"embeddable":true,"href":"https:\/\/www.karadere.com\/blog\/wp-json\/wp\/v2\/users\/1"}],"replies":[{"embeddable":true,"href":"https:\/\/www.karadere.com\/blog\/wp-json\/wp\/v2\/comments?post=4277"}],"version-history":[{"count":0,"href":"https:\/\/www.karadere.com\/blog\/wp-json\/wp\/v2\/posts\/4277\/revisions"}],"wp:attachment":[{"href":"https:\/\/www.karadere.com\/blog\/wp-json\/wp\/v2\/media?parent=4277"}],"wp:term":[{"taxonomy":"category","embeddable":true,"href":"https:\/\/www.karadere.com\/blog\/wp-json\/wp\/v2\/categories?post=4277"},{"taxonomy":"post_tag","embeddable":true,"href":"https:\/\/www.karadere.com\/blog\/wp-json\/wp\/v2\/tags?post=4277"}],"curies":[{"name":"wp","href":"https:\/\/api.w.org\/{rel}","templated":true}]}}