{"id":3539,"date":"2014-05-12T08:01:52","date_gmt":"2014-05-12T06:01:52","guid":{"rendered":"http:\/\/www.karadere.com\/blog\/?p=3539"},"modified":"2014-05-12T08:01:52","modified_gmt":"2014-05-12T06:01:52","slug":"lg-g3-giderek-belirgin-hale-geldi-bir-sizinti-ekran-goruntusu-daha","status":"publish","type":"post","link":"https:\/\/www.karadere.com\/blog\/lg-g3-giderek-belirgin-hale-geldi-bir-sizinti-ekran-goruntusu-daha.html","title":{"rendered":"LG G3 Giderek belirgin hale geldi. Bir s\u0131z\u0131nt\u0131 ekran g\u00f6r\u00fcnt\u00fcs\u00fc daha."},"content":{"rendered":"<p>LG G3 Giderek belirgin hale geldi. Bir s\u0131z\u0131nt\u0131 ekran g\u00f6r\u00fcnt\u00fcs\u00fc daha.<\/p>\n<p><img loading=\"lazy\" decoding=\"async\" class=\"alignnone\" src=\"http:\/\/www.andronova.net\/wp-content\/uploads\/2014\/05\/lgg3-colors-main1.jpg\" alt=\"\" width=\"553\" height=\"247\" \/><\/p>\n<p>&nbsp;<\/p>\n<p>27-28 May\u0131s \u2019ta \u0130stanbu l\u2019un yan\u0131 s\u0131ra be\u015f farkl\u0131 \u015fehirde daha d\u00fczenlenecek etkinlikler kapsam\u0131nda tan\u0131t\u0131lacak olan \u00a0LG G3 te yer alacak \u00f6zellikler a\u015fa\u011f\u0131daki gibidir.<\/p>\n<p>D\u00fcnya ile ayn\u0131 anda tan\u0131t\u0131lan bir \u00fclke olmak gurur verici daha gururlusu bizim icad\u0131m\u0131z olan bir \u00fcr\u00fcn\u00fcn d\u00fcnyada duyurulmas\u0131 olurdu her hal \ud83d\ude41<\/p>\n<p>5.5-in\u00e7 b\u00fcy\u00fckl\u00fc\u011f\u00fcnde Quad HD ekran (2560 x 1440 piksel, 534ppi)<br \/>\nSnapdragon 805 yongaseti<br \/>\n3GB RAM<br \/>\nOIS+ teknolojisine sahip \u00e7ift LED fla\u015fl\u0131 arka kamera<br \/>\n32GB dahili haf\u0131za<br \/>\nmicroSD yuvas\u0131<br \/>\n\u00e7\u0131kar\u0131labilir pil<br \/>\n3.000 mAh veya 3200 mAh batarya<br \/>\nIPX7 sertifikas\u0131 ile suya kar\u015f\u0131 diren\u00e7li yap\u0131<br \/>\nAndroid 4.4 KitKat,<br \/>\nYeni nesil Optimus kullan\u0131c\u0131 aray\u00fcz\u00fc bekleniyor.<\/p>\n<p>&nbsp;<\/p>\n<p>E\u011fer bu \u00f6zellikler ile \u00e7\u0131kar ise LG \u00a0G2 modelindeki ele\u015ftirileri olumlu de\u011ferlendirmi\u015f oldu\u011funu anl\u0131yoruz.<\/p>\n<p>Beni heyecenland\u0131ran temel donan\u0131m g\u00fc\u00e7l\u00fcl\u00fckleri, IR, 3 GB ram, 4 olsayd\u0131 s\u00fcper olurdu ama chip set desteklemiyor olabilir. en \u00e7ok ele\u015ftirdi\u011fim SD kart deste\u011finin olmamas\u0131yd\u0131 oda gelmi\u015f. bunun yan\u0131nda \u00e7ift led flash, nab\u0131z \u00f6l\u00e7er parmak okuyucu gibi sensorlerde m\u00fcthi\u015f olmu\u015f.<\/p>\n<p>Bu durumda donan\u0131m g\u00fcc\u00fcnde Sony biraz sensorlerde geride kal\u0131yor ama kamera \u00f6zelli\u011finde ise Sony lider su ge\u00e7irmezlikte ve seste \u00fcst\u00fcnl\u00fc\u011f\u00fcn\u00fc koruyacak.<\/p>\n<p>San\u0131r\u0131m benim ideal sa\u011flam telefon xperia Z3 gibi g\u00f6r\u00fcn\u00fcyor ama LG g3 \u00fcn yaz\u0131l\u0131m\u0131n\u0131 be\u011fenirsem alabilirim. \u00a0Ama a\u00e7\u0131k\u00e7as\u0131 kafam \u00e7ok kar\u0131\u015f\u0131k.<\/p>\n","protected":false},"excerpt":{"rendered":"<p>G3 f\u0131r\u00e7alanm\u0131\u015f hali g\u00f6r\u00fcnt\u00fclendi. Tahminen \u00fc\u00e7 renkte \u00e7\u0131kmas\u0131 beklenen G3 beyaz, f\u0131r\u00e7alanm\u0131\u015f metal, ve alt\u0131n rengi ile \u00e7\u0131kacak.<\/p>\n","protected":false},"author":1,"featured_media":0,"comment_status":"open","ping_status":"open","sticky":false,"template":"","format":"standard","meta":{"om_disable_all_campaigns":false,"_monsterinsights_skip_tracking":false,"_monsterinsights_sitenote_active":false,"_monsterinsights_sitenote_note":"","_monsterinsights_sitenote_category":0,"_uf_show_specific_survey":0,"_uf_disable_surveys":false,"footnotes":"","_links_to":"","_links_to_target":""},"categories":[6],"tags":[881,1000,1060,1377],"class_list":["post-3539","post","type-post","status-publish","format-standard","hentry","category-bilisim-it-haber","tag-ekran","tag-g3-2","tag-goruntusu","tag-lg","has-post-title","has-post-date","has-post-category","has-post-tag","has-post-comment","has-post-author",""],"aioseo_notices":[],"views":1130,"_links":{"self":[{"href":"https:\/\/www.karadere.com\/blog\/wp-json\/wp\/v2\/posts\/3539","targetHints":{"allow":["GET"]}}],"collection":[{"href":"https:\/\/www.karadere.com\/blog\/wp-json\/wp\/v2\/posts"}],"about":[{"href":"https:\/\/www.karadere.com\/blog\/wp-json\/wp\/v2\/types\/post"}],"author":[{"embeddable":true,"href":"https:\/\/www.karadere.com\/blog\/wp-json\/wp\/v2\/users\/1"}],"replies":[{"embeddable":true,"href":"https:\/\/www.karadere.com\/blog\/wp-json\/wp\/v2\/comments?post=3539"}],"version-history":[{"count":0,"href":"https:\/\/www.karadere.com\/blog\/wp-json\/wp\/v2\/posts\/3539\/revisions"}],"wp:attachment":[{"href":"https:\/\/www.karadere.com\/blog\/wp-json\/wp\/v2\/media?parent=3539"}],"wp:term":[{"taxonomy":"category","embeddable":true,"href":"https:\/\/www.karadere.com\/blog\/wp-json\/wp\/v2\/categories?post=3539"},{"taxonomy":"post_tag","embeddable":true,"href":"https:\/\/www.karadere.com\/blog\/wp-json\/wp\/v2\/tags?post=3539"}],"curies":[{"name":"wp","href":"https:\/\/api.w.org\/{rel}","templated":true}]}}