{"id":2895,"date":"2013-08-29T21:21:54","date_gmt":"2013-08-29T19:21:54","guid":{"rendered":"http:\/\/www.karadere.com\/blog\/?p=2895"},"modified":"2013-08-29T21:21:54","modified_gmt":"2013-08-29T19:21:54","slug":"lg-g2-den-haber-var-lg-g2-ozellikleri-bu-seri-g3g4-diye-gider","status":"publish","type":"post","link":"https:\/\/www.karadere.com\/blog\/lg-g2-den-haber-var-lg-g2-ozellikleri-bu-seri-g3g4-diye-gider.html","title":{"rendered":"LG G2 den haber var. LG G2 \u00f6zellikleri. Bu seri G3,G4 diye gider&#8230;"},"content":{"rendered":"<p>LG G2 den haber var. LG G2 \u00f6zelliklerini g\u00f6steren iki tane resmi video yay\u0131nland\u0131 fazla s\u00f6ze gerek yok. LG g\u00fcmb\u00fcr g\u00fcmb\u00fcr geliyor.<\/p>\n<p>Bir sony ci olarak, TV niz LG ise LG diyorum. Muhtemelen Lg &#8216;nin amirel \u00fcr\u00fcn\u00fc olan bu seri G3 , G4 diye devam edecek.<\/p>\n<p>LG mobile i\u015fe yeni girdi, Bir ka\u00e7 y\u0131l \u00a0sonra TV &#8216;deki ba\u015far\u0131s\u0131n\u0131 yakalayabilir. Ve en ba\u015f rakibi Samsung &#8216;u ge\u00e7ebilecek gibi g\u00f6r\u00fcn\u00fcyor Android cephesinde Joponlar\u0131n (sony ) yan\u0131 s\u0131ra iki koreli kap\u0131\u015fmas\u0131 ile hayat\u0131m\u0131z, mobil teknoloji geli\u015fmeleri filmini izlemekle ge\u00e7ecek gibi duruyor:) Bakal\u0131m yak\u0131n gelecek de sahneye kimler ne \u00e7\u0131karacak ?<\/p>\n<p>yeni bir ak\u0131ll\u0131 telefon alacak san\u0131z LG G2 ilk 3 \u00a0c\u00fc olarak listem deki yerini ald\u0131.<\/p>\n<p><img loading=\"lazy\" decoding=\"async\" class=\"alignnone\" alt=\"\" src=\"http:\/\/i1.cdnds.net\/13\/29\/618x449\/lg-g2.jpg\" width=\"556\" height=\"404\" \/><\/p>\n<p>&nbsp;<\/p>\n<p>[youtube 2oOfIobmBYY]<\/p>\n<p>[youtube cn6Jhta861g]<\/p>\n<p>bu video bitirdi beni := )<\/p>\n<p>&nbsp;<\/p>\n<p>&nbsp;<\/p>\n<p>&nbsp;<\/p>\n<p>&nbsp;<\/p>\n<p>&nbsp;<\/p>\n","protected":false},"excerpt":{"rendered":"<p>LG G2 den haber var. LG G2 \u00f6zellikleri. Bu seri G3,G4 diye gider&#8230;<\/p>\n","protected":false},"author":1,"featured_media":0,"comment_status":"open","ping_status":"open","sticky":false,"template":"","format":"standard","meta":{"om_disable_all_campaigns":false,"_monsterinsights_skip_tracking":false,"_monsterinsights_sitenote_active":false,"_monsterinsights_sitenote_note":"","_monsterinsights_sitenote_category":0,"_uf_show_specific_survey":0,"_uf_disable_surveys":false,"footnotes":"","_links_to":"","_links_to_target":""},"categories":[6,201,136],"tags":[999,1085,1377,1635,2105],"class_list":["post-2895","post","type-post","status-publish","format-standard","hentry","category-bilisim-it-haber","category-g2","category-lg-android","tag-g2-2","tag-haber-var","tag-lg","tag-ozellikler","tag-tum-teknik-ozellikler","has-post-title","has-post-date","has-post-category","has-post-tag","has-post-comment","has-post-author",""],"aioseo_notices":[],"views":2908,"_links":{"self":[{"href":"https:\/\/www.karadere.com\/blog\/wp-json\/wp\/v2\/posts\/2895","targetHints":{"allow":["GET"]}}],"collection":[{"href":"https:\/\/www.karadere.com\/blog\/wp-json\/wp\/v2\/posts"}],"about":[{"href":"https:\/\/www.karadere.com\/blog\/wp-json\/wp\/v2\/types\/post"}],"author":[{"embeddable":true,"href":"https:\/\/www.karadere.com\/blog\/wp-json\/wp\/v2\/users\/1"}],"replies":[{"embeddable":true,"href":"https:\/\/www.karadere.com\/blog\/wp-json\/wp\/v2\/comments?post=2895"}],"version-history":[{"count":0,"href":"https:\/\/www.karadere.com\/blog\/wp-json\/wp\/v2\/posts\/2895\/revisions"}],"wp:attachment":[{"href":"https:\/\/www.karadere.com\/blog\/wp-json\/wp\/v2\/media?parent=2895"}],"wp:term":[{"taxonomy":"category","embeddable":true,"href":"https:\/\/www.karadere.com\/blog\/wp-json\/wp\/v2\/categories?post=2895"},{"taxonomy":"post_tag","embeddable":true,"href":"https:\/\/www.karadere.com\/blog\/wp-json\/wp\/v2\/tags?post=2895"}],"curies":[{"name":"wp","href":"https:\/\/api.w.org\/{rel}","templated":true}]}}