{"id":2874,"date":"2013-08-28T08:16:22","date_gmt":"2013-08-28T06:16:22","guid":{"rendered":"http:\/\/www.karadere.com\/blog\/?p=2874"},"modified":"2013-08-28T08:16:22","modified_gmt":"2013-08-28T06:16:22","slug":"microsoft-windows-8-1-on-gorunumu-cikti-windows-8-1-yenilikler-windows-8-adam-oldu-mu","status":"publish","type":"post","link":"https:\/\/www.karadere.com\/blog\/microsoft-windows-8-1-on-gorunumu-cikti-windows-8-1-yenilikler-windows-8-adam-oldu-mu.html","title":{"rendered":"Microsoft Windows 8.1 \u00d6n G\u00f6r\u00fcn\u00fcm\u00fc \u00c7\u0131kt\u0131. Windows 8.1 yenilikler. Windows 8 Adam Oldu mu?"},"content":{"rendered":"<p>Merhabalar,<\/p>\n<p><img loading=\"lazy\" decoding=\"async\" class=\"alignnone\" alt=\"\" src=\"http:\/\/teknolojidefteri.com\/wp-content\/uploads\/2013\/05\/windows-8-1-baslat-menusu-630x330.jpg\" width=\"567\" height=\"297\" \/><\/p>\n<p>Microsoft ve windows 8 hakk\u0131nda ilk \u00e7\u0131kt\u0131\u011f\u0131 g\u00fcnlerdeki, 2012 y\u0131l\u0131ndaki inceleme istinaden yorumum a\u015fa\u011f\u0131daki gibiydi.<\/p>\n<p><a href=\"http:\/\/www.karadere.com\/blog\/microsoft-windows-8-developer-preview-hakkinda-inceleme-bir-burhan-karadere-yorumu.html\">http:\/\/www.karadere.com\/blog\/microsoft-windows-8-developer-preview-hakkinda-inceleme-bir-burhan-karadere-yorumu.html<\/a><\/p>\n<p>\u0130lk s\u00fcr\u00fcm rezaletti. Beta olmas\u0131na verdik performans yerlerde s\u00fcr\u00fcn\u00fcyordu. Donan\u0131m\u0131 bilin\u00e7li zorlayarak, sat\u0131\u015flar\u0131 artt\u0131rma plan\u0131 vard\u0131 yorumunu yapmad\u0131mda desem yalan olur.<\/p>\n<p>Ama Windows 8 release s\u00fcr\u00fcm\u00fcnde performans\u0131 ciddi bak\u0131mdan d\u00fczelttiler buda olumlu bir ger\u00e7ek. Zaten windows XP ve Windows Seven den gelen fazla g\u00f6rsel felsefe b\u0131rak\u0131lm\u0131\u015f grafik y\u00fck\u00fc genelde azalt\u0131ld\u0131\u011f\u0131ndan, ve g\u00fcn\u00fcm\u00fczdeki core teknolojiye sahip CPU lar\u0131n d\u00fcnyas\u0131nda h\u0131zlanmamas\u0131da beklenemezdi<\/p>\n<p>Fakat en \u00e7ok ele\u015ftirdi\u011fim y\u00f6n\u00fc microsoftun hakim oldu\u011fu masa \u00fcst\u00fc kitlesine sormadan, ve ac\u0131madan, kendi kafas\u0131na t\u00fcm sistemi ac\u0131mas\u0131zca de\u011fi\u015ftirmesi yani \u00f6zetle benim microsoftun bana al\u0131\u015ft\u0131rm\u0131\u015f oldu\u011fu start men\u00fc klasor ve program s\u0131ralama gibi bir \u00e7ok al\u0131\u015ft\u0131\u011f\u0131m \u00f6zelli\u011fi birden kapatmas\u0131 bu na ne kadar hakk\u0131 vard\u0131 ? yada ba\u015fka bir bak\u0131\u015f a\u00e7\u0131s\u0131yla bu m\u00fchendisler hakim olduklar\u0131 bu pazarda bu b\u00fcy\u00fck riski hangi kafa ile ald\u0131lar gibi sorulard\u0131.<\/p>\n<p><strong>Windows 8.1 indirin ve deneyin ?<\/strong><\/p>\n<p>windows 8.1 s\u00fcr\u00fcm\u00fcn\u00fcn 32bit ve 64 bitlik T\u00fcrk\u00e7e s\u00fcr\u00fcmlerini a\u015fa\u011f\u0131dan indirebilirsiniz hen\u00fcz eingilzice s\u00fcr\u00fcm\u00fcm 32 bit versiyonu yok.<\/p>\n<p><a href=\"http:\/\/windows.microsoft.com\/tr-tr\/windows-8\/preview-download\">http:\/\/windows.microsoft.com\/tr-tr\/windows-8\/preview-download<\/a><\/p>\n<p><strong>Microsoft &#8216;tan geri ad\u0131m ? <\/strong><\/p>\n<p>Etraf\u0131mdaki bir \u00e7ok bilgisayar uzman\u0131 windows 8 deki start men\u00fcn\u00fcn opsiyonelde olmamamas\u0131n\u0131 \u00e7ok ele\u015ftirdi ve k\u0131zd\u0131, hatta ac\u0131d\u0131rki malasef bu olaya kim ulan bu microsoft benim start &#8211; ba\u015flang\u0131\u00e7 men\u00fcm\u00fc kapat\u0131yor diye serzeni\u015fte bulundu. ( yeri geldi k\u00fcfrettir di \ud83d\ude42 )<\/p>\n<p>Gelen bu tepkiler t\u00fcm d\u00fcnyaca hem fkirdiki bir \u00e7ok 3. yaz\u0131l\u0131m \u00fcreticileri start men\u00fc y\u00fc ortaya \u00e7\u0131karan mini programlar \u00fcretti ve windows 8 kullan\u0131c\u0131lar\u0131 bunu indirip kurarak rekor k\u0131rd\u0131.<\/p>\n<p>insanlar windows 8 ile microsoftta olan t\u00fcm pencerelerini kapamak \u00fczereydi . E\u011fer bu windows 8.1 \u00e7\u0131kart\u0131lmasayd\u0131. Microsoft ciddi sorunlar ya\u015fayacakt\u0131. Akl\u0131n yolu birdir ama, \u00f6nceden \u00f6ng\u00f6rmek ve ak\u0131ll\u0131 olmakta ayr\u0131 bir\u015feydir.<\/p>\n<p>Burada kullan\u0131c\u0131lar\u0131n ve bizim gibi uzmanlar\u0131n microsoft \u00e7al\u0131\u015fanlar\u0131ndan daha ak\u0131ll\u0131 oldu\u011fu d\u00fcnyaca kan\u0131tland\u0131.<\/p>\n<p>en b\u00fcy\u00fck risk art\u0131k g\u00fc\u00e7l\u00fc yayg\u0131nla\u015fan bir MAc OS X alternatifinin var\u00a0 olmas\u0131, Apple \u00fcr\u00fcn\u00fcde masa\u00fcst\u00fcn\u00fc zorlam\u0131yor mu?\u00a0 bence zorluyor.<\/p>\n<p>Ama yinde mesela \u00f6n\u00fcm\u00fczdeki 5 y\u0131l daha windows masa\u00fcs\u00fctnde hakim gibi g\u00f6r\u00fcn\u00fcyor zaten microsoft m\u00fchendisleride buna g\u00fcvendiler ama yan\u0131ld\u0131lar. Bende bu konuya bir tespitimi sizlerle payla\u015fmak istiyorum. Windows i\u015fletim istemi al\u0131\u015fkanl\u0131klar\u0131 ve windows uyumlu programlar\u0131n \u00e7ok ciddi manada yaygun olmas\u0131 bir ger\u00e7ek di\u011fer bir ger\u00e7ekte. mobil d\u00fcnya ger\u00e7e\u011fi ve burada da iki b\u00fcy\u00fck hakim var Android ve Iphone<\/p>\n<p>android alternaitfi Ubunutu gibi linux masa\u00fcst\u00fc Iphone i\u00e7inde apple mac os X i\u015fletim sistemi. Burda iphone kullan\u0131c\u0131lar\u0131 \u00e7o\u011falm\u0131\u015f durumda ve yeni apple eski itici ara y\u00fczlerini insanlar benimsemi\u015f ve kab\u00fcllenmi\u015f al\u0131\u015f m\u0131\u015f durumda yani ayn\u0131 al\u0131\u015fkanl\u0131klar\u0131n oldu\u011fu apple \u00fcr\u00fcn\u00fc bir i\u015fletim sistemlerine ba\u015flat men\u00fcleri elinden al\u0131nd\u0131klar\u0131nda ge\u00e7meleri \u00e7pokta zor de\u011fil ama tabiki uygulamada windows yine g\u00fc\u00e7l\u00fc bunun di\u011fer sebepleri al\u0131\u015fkanl\u0131klarda nziyade microsoft tabanl\u0131 bir \u00e7ok uyguaman\u0131n mac de \u00e7al\u0131\u015fmamas\u0131, ve apple \u00fcr\u00fcnlerinin her bilgisayrda \u00e7al\u0131\u015fmamas\u0131 yani mac os x sade apple bilgisayarlarda a\u00e7l\u0131\u015f\u0131r toplama denen di\u011fer marka notebook larda \u00e7al\u0131\u015fmaz ama b\u00f6yle bir ortam olu\u015fsa apple belkide her platformda \u00e7al\u0131\u015facak deste\u011fi verir sonu\u00e7ta d\u00fcnya pc hakimi olma ihtimali var yani zaman durum ve \u015fartlar g\u00f6re bu olay \u00e7ok k\u0131sa s\u00fcrede olabilir. Geriye sadece microsoftu g\u00fc\u00e7l\u00fc k\u0131lan yaz\u0131l\u0131mlar\u0131n yayg\u0131nl\u0131\u011f\u0131 ve platform ba\u011f\u0131ml\u0131l\u0131\u011f\u0131 yani d\u00fcnyadaki bir\u00e7ok program %80 gibi bir ciddi oran masa \u00fcst\u00fc platformunda windows uyumlu olmas\u0131 ama \u00fcreticilerin de masa \u00fcst\u00fc kim hakim ise ona destek verdikleri kesin hakim ki\u015fi de\u011fi\u015firse buda de\u011fi\u015fir fikrindeyim. Ama bu \u00e7ok \u00e7abuk olmayacakt\u0131r biraz zaman laz\u0131m yani en az 2-3 ve 5 y\u0131l gibi bir s\u00fcrede kimse windows konu\u015fmaz ken t\u011fm her\u015feyin hakimi apple olurda t\u00fcm yaz\u0131l\u0131mlar\u0131 mac os x kullan\u0131yor da oluruz fark\u0131na bile varmadan i\u015fte \u015fuanda bahseti\u011fim bu teori baz\u0131lar\u0131na hayal gibi gelsede olmaz demeyin olur.\u00a0Bu i\u015flerin olabilece\u011fine delil ise bir g\u00fcn dellin biri bize ellerinizdeki parmakla ekrana dokunarak telefon kullanacaks\u0131n\u0131z dese deli derdik.<\/p>\n<p>Baz\u0131 bilim admalar\u0131n\u0131nda bu konuda b\u00fcy\u00fck yan\u0131l\u011f\u0131 ile s\u00f6yledikleri s\u00f6zlerde vard\u0131r Yine felsefeye gireyim. <a href=\"http:\/\/www.karadere.com\/blog\/tespit-ve-analiz-buyuk-sorunlarin-cozumlerini-sadece-kucuk-beyinler-gorur-buyuk-dusunurler-kucuk-seyleri-dusunemez-buyuk-sorunlarin-cozumu-cok-basit-ve-kucuktur-bunu-sadece-kucuk-dusunceler-gor.html\">http:\/\/www.karadere.com\/blog\/tespit-ve-analiz-buyuk-sorunlarin-cozumlerini-sadece-kucuk-beyinler-gorur-buyuk-dusunurler-kucuk-seyleri-dusunemez-buyuk-sorunlarin-cozumu-cok-basit-ve-kucuktur-bunu-sadece-kucuk-dusunceler-gor.html<\/a><\/p>\n<p>Microsoftun bu ve benzeri major ve radikal kararlar\u0131 almas\u0131 \u00e7ok b\u00fcy\u00fck bir hata ve risktir sonu\u00e7lar\u0131na katlan\u0131r.<\/p>\n<p>Microsoftun bu ba\u015flat men\u00fcs\u00fc art\u0131k olamyacak dedi\u011fi g\u00fcnleri hat\u0131rlay\u0131n ve bug\u00fcn windows 8.1 de start men\u00fcs\u00fc var buna Atalar\u0131m\u0131z <strong>T\u00fcrk\u00fcrd\u00fc\u011f\u00fcn\u00fc yalad\u0131 \ud83d\ude41<\/strong> derler .<\/p>\n<p>Burada \u00e7\u0131kar\u0131lacak dersler iyi analiz etmeli ve kitleyi bilgilendirip gelebilecek tepkileri \u00f6nceden \u00f6ng\u00f6rmektir. \u00d6n g\u00f6r\u00fcnm\u00fcyorsa bile konu ile ilgili en az\u0131ndan basit bir anket \u00e7al\u0131\u015fmas\u0131da yap\u0131labilir ve fikirler do\u011frultusunda gelen geri beslemelere g\u00f6re karar al\u0131n\u0131r. Yoksa ya\u015fayarak \u00f6\u011frenip geri ad\u0131m atmak gibi gereksiz bir tecr\u00fcbeye sahip olursunuz.\u00a0 Geri ad\u0131m atmakta zarar\u0131n neresinden d\u00f6nersen kard\u0131r bunu anlay\u0131pta diretmek ise h\u00fcsran sonucunu do\u011furacakt\u0131r. Bu ad\u0131m ile Microsoft kendi gelece\u011fi i\u00e7in,\u00a0 do\u011fru olan\u0131 yapt\u0131.<\/p>\n<p><strong>Yo\u011furt eski yo\u011furt de\u011fil ?<\/strong><\/p>\n<p>Art\u0131k eskisi gibi \u00fcfleyerek yememiz bile yeterli de\u011fil. De\u011fi\u015fen d\u00fcnyada globalle\u015fme ad\u0131 her neyse b\u00f6yle bir h\u0131zl\u0131 de\u011fi\u015fim anl\u0131k de\u011fi\u015fim mevcuttur durumdad\u0131r. Hal b\u00f6yle iken yo\u011furt misalindeki gibi sade \u00fcflemek de\u011fin alt\u0131na \u00fcs\u00fctne gelmi\u015fine ge\u00e7mi\u015fine bakmak. ve yo\u011furdu s\u00fcrekli geli\u015ftirmek gerekmektedir.\u00a0 De\u011fi\u015fime ayak uyduramayan uydurmak i\u00e7inde yanl\u0131\u015f analiz ler sonucunda yanl\u0131\u015f al\u0131nan kararlar o \u015firketin yok olmas\u0131n\u0131n son \u00fcr\u00fcn\u00fcd\u00fcr diyorum ve burada anlatmak istedi\u011fimin windows ve microsoft hikayesinde ziyade t\u00fcm \u015firketlerin ya\u015fam s\u00fcre\u00e7lerindeki bu ger\u00e7ek\u00e7i yakla\u015f\u0131m\u0131n fark\u0131nda olmas\u0131 gerekti\u011fine dikkat \u00e7ekmek istiyorum. Bu bir \u015firket olmay\u0131m ki\u015fisel bir geli\u015fimde olabilir.<\/p>\n<p>Art\u0131k bir \u00e7ok ihitmal ve bir \u00e7ok girdi \u00e7\u0131kt\u0131 parametresi ile ya\u015f\u0131yoruz. Kab\u00fcllenmek veya kab\u00fcllenmemek ayr\u0131 ama ger\u00e7ek olanda ayr bir ger\u00e7ektir.<\/p>\n<p><strong>Windows 8.1 ile gelen yenilikler ?<\/strong><\/p>\n<p>Tahmin etti\u011finiz gibi en b\u00fcy\u00fck yenilik, start yani ba\u015flan\u00e7\u0131\u00e7 men\u00fcs\u00fc, eskisi gibi geri geldi. Ba\u015fka bir yenili\u011fede gerek yoktu dedi\u011finizi duyar gibiyim \ud83d\ude42<\/p>\n<h3>ba\u015fl\u0131ca yenilikler be a\u00e7\u0131klamalar\u0131 a\u015fa\u011f\u0131daki gibi<\/h3>\n<h3>Bay\u0131laca\u011f\u0131n\u0131z di\u011fer uygulamalar<\/h3>\n<p>Windows Ma\u011fazas\u0131&#8217;n\u0131n yeni uygulamalar\u0131 ke\u015ffedip indirmeyi kolayla\u015ft\u0131ran yeni bir g\u00f6r\u00fcn\u00fcm\u00fc oldu\u011funu fark edeceksiniz. Windows\u00a08.1\u00a0Preview&#8217;da bulunan uygulamalar, bir s\u00fcr\u00fc harika \u015fey yapman\u0131za imkan sa\u011flar. \u00d6rne\u011fin, Okuma Listesi \u00f6zelli\u011fi ile makale ve hikayeleri bir\u00e7ok uygulama ve cihazda kaydedebilir, g\u00fcncellenmi\u015f Foto\u011fraflar uygulamas\u0131yla h\u0131zl\u0131 ve kolay bir \u015fekilde d\u00fczenleme yapabilirsiniz.<\/p>\n<h3>Tamamen size ait olsun<\/h3>\n<p>En sevdi\u011finiz resimleri se\u00e7erek kilit ekran\u0131n\u0131zda g\u00f6sterilecek bir slayt g\u00f6sterisi ayarlay\u0131n. Ba\u015flang\u0131\u00e7 ekran\u0131n\u0131za tam istedi\u011finiz \u015fekli verebilmek i\u00e7in \u00f6\u011feleri diledi\u011finiz gibi d\u00fczenleyin. Daha fazla kutucuk boyutu, renk ve animasyonlu arka planlar da dahil olmak \u00fczere daha \u00e7ok arka plan aras\u0131ndan se\u00e7im yap\u0131n.<\/p>\n<div>\n<div>\n<div>\n<h3>H\u0131zl\u0131 ve tam ekran gezinme<\/h3>\n<p>Windows\u00a08.1\u00a0Preview&#8217;\u0131 edindi\u011finizde ayn\u0131 zamanda yeni Internet\u00a0Explorer&#8217;\u0131 da deneme f\u0131rsat\u0131n\u0131z olacak. Daha y\u00fcksek bir y\u00fckleme h\u0131z\u0131na, sitelerinizi yan yana koyarak gezinebilece\u011finiz bir tam ekran deneyimine ve Ba\u015flang\u0131\u00e7 ekran\u0131n\u0131za en sevdi\u011finiz sitelerin canl\u0131 kutucuklar\u0131 arac\u0131l\u0131\u011f\u0131yla ger\u00e7ek zamanl\u0131 bilgilerin sa\u011flanmas\u0131 \u00f6zelli\u011fine sahip olan Internet\u00a0Explorer\u00a011\u00a0Preview, dokunarak kullan\u0131lmak \u00fczere tasarlanm\u0131\u015ft\u0131r.<\/p>\n<div>\n<div>\n<div>\n<h3>Yerle\u015fik bulut depolama alan\u0131<\/h3>\n<p>SkyDrive art\u0131k belgeleri depolamak i\u00e7in varsay\u0131lan konumdur. B\u00f6ylece, gitti\u011finiz her yerde, \u00e7evrimd\u0131\u015f\u0131 bile olsan\u0131z dosyalar\u0131n\u0131z yan\u0131n\u0131zda olur. \u0130\u015fletim sisteminde bulunan SkyDrive uygulamas\u0131yla ise hem yerel dosyalar\u0131 hem de SkyDrive dosyalar\u0131n\u0131 bir yerden y\u00f6netebilirsiniz.<\/p>\n<\/div>\n<\/div>\n<\/div>\n<\/div>\n<\/div>\n<\/div>\n<p><a href=\" http:\/\/windows.microsoft.com\/tr-tr\/windows-8\/preview-faq\">\u00a0http:\/\/windows.microsoft.com\/tr-tr\/windows-8\/preview-faq<\/a><\/p>\n<p><strong>\u00c7\u0131kar\u0131lacak dersler ?<\/strong><\/p>\n<p>Uzun y\u0131llar al\u0131\u015fkanl\u0131klar\u0131 ile hakimiyet kazanan \u00e7ok sa\u011flam kullan\u0131c\u0131 kitlesine sahip bir \u00fcr\u00fcnde de\u011fi\u015fiklik yaparken iki \u00fc\u00e7 kendini bilmez m\u00fchendis ve sat\u0131\u015f analist\u00e7isinin akl\u0131 ile i\u015f yapmayacaks\u0131n arkada\u015f ? Yok sa sonun nokia gibi olur \ud83d\ude42 Bu \u00f6rnek de t\u00fcm tekt\u00f6rlerdeki i\u015f patronlar\u0131na birer \u00f6rnek tez olsun. hangi i\u015f hangi \u00fcr\u00fcn hangi kitle olursa olsun d\u00fcnya de\u011fi\u015fiyor h\u0131zl\u0131 de\u011fi\u015fimler etraf\u0131mz\u0131da ama insan o\u011flunun 7 disinde neyse 70 dede de\u011fi\u015fmedi\u011fi baz\u0131 \u015feyler var. yeni de\u011fi\u015fimli toplumlar\u0131n \u0131lu\u015fmas\u0131 ayr\u0131 eski toplum kal\u0131tsal \u00f6zelliklerini g\u00f6z ard\u0131 etmek ayr\u0131 \u015feyler.<\/p>\n<p><strong>\u00a0Merak Edilen Windows 8.1 di\u011fer konular\u0131 IIS 8 var m\u0131 ? vars nas\u0131l kurulur ?<\/strong><\/p>\n<p>bak\u0131n\u0131z windows 7 IIS kurulumuna : <a href=\"http:\/\/www.karadere.com\/blog\/windows-7-iis-7-kurulumu-resimli-anlatim.html\">http:\/\/www.karadere.com\/blog\/windows-7-iis-7-kurulumu-resimli-anlatim.html<\/a><\/p>\n<p><a href=\"http:\/\/www.karadere.com\/blog\/windows-8-tablet-on-incelemesi-developer-preview-bir-burhan-karadere-bakis-acisi-ile-windows-8-tablet-yorumu.html\">http:\/\/www.karadere.com\/blog\/windows-8-tablet-on-incelemesi-developer-preview-bir-burhan-karadere-bakis-acisi-ile-windows-8-tablet-yorumu.html<\/a><\/p>\n<p><a href=\"http:\/\/www.karadere.com\/blog\/windows-8-klavye-kisayol-tuslari-windows-8-shortcut.html\">http:\/\/www.karadere.com\/blog\/windows-8-klavye-kisayol-tuslari-windows-8-shortcut.html<\/a><\/p>\n<p>Kaynak &#8211; Source :<a href=\"http:\/\/windows.microsoft.com\/tr-tr\/windows-8\/preview\"> http:\/\/windows.microsoft.com\/tr-tr\/windows-8\/preview<\/a><\/p>\n","protected":false},"excerpt":{"rendered":"<p>Merhabalar windows 8 ile gelen ciddi de\u011fi\u015fiklikler. ve arkas\u0131ndan \u00e7\u0131kan windows 8.1 ve de\u011fi\u015fim. Neler de\u011fi\u015fti ?<\/p>\n","protected":false},"author":1,"featured_media":0,"comment_status":"open","ping_status":"open","sticky":false,"template":"","format":"standard","meta":{"om_disable_all_campaigns":false,"_monsterinsights_skip_tracking":false,"_monsterinsights_sitenote_active":false,"_monsterinsights_sitenote_note":"","_monsterinsights_sitenote_category":0,"_uf_show_specific_survey":0,"_uf_disable_surveys":false,"footnotes":"","_links_to":"","_links_to_target":""},"categories":[18,72],"tags":[1171,1172,1193,1199,1337,1473,1474,2256,2257],"class_list":["post-2874","post","type-post","status-publish","format-standard","hentry","category-isletim-sistemleri-operating-systems-os","category-windows-8-1","tag-iis-7","tag-iis-8","tag-incele","tag-indir","tag-kur","tag-microsoft","tag-microsofttan-geri-adim","tag-windows-8","tag-windows-8-1-2","has-post-title","has-post-date","has-post-category","has-post-tag","has-post-comment","has-post-author",""],"aioseo_notices":[],"views":2124,"_links":{"self":[{"href":"https:\/\/www.karadere.com\/blog\/wp-json\/wp\/v2\/posts\/2874","targetHints":{"allow":["GET"]}}],"collection":[{"href":"https:\/\/www.karadere.com\/blog\/wp-json\/wp\/v2\/posts"}],"about":[{"href":"https:\/\/www.karadere.com\/blog\/wp-json\/wp\/v2\/types\/post"}],"author":[{"embeddable":true,"href":"https:\/\/www.karadere.com\/blog\/wp-json\/wp\/v2\/users\/1"}],"replies":[{"embeddable":true,"href":"https:\/\/www.karadere.com\/blog\/wp-json\/wp\/v2\/comments?post=2874"}],"version-history":[{"count":0,"href":"https:\/\/www.karadere.com\/blog\/wp-json\/wp\/v2\/posts\/2874\/revisions"}],"wp:attachment":[{"href":"https:\/\/www.karadere.com\/blog\/wp-json\/wp\/v2\/media?parent=2874"}],"wp:term":[{"taxonomy":"category","embeddable":true,"href":"https:\/\/www.karadere.com\/blog\/wp-json\/wp\/v2\/categories?post=2874"},{"taxonomy":"post_tag","embeddable":true,"href":"https:\/\/www.karadere.com\/blog\/wp-json\/wp\/v2\/tags?post=2874"}],"curies":[{"name":"wp","href":"https:\/\/api.w.org\/{rel}","templated":true}]}}