{"id":2342,"date":"2012-09-28T10:12:56","date_gmt":"2012-09-28T08:12:56","guid":{"rendered":"http:\/\/www.karadere.com\/blog\/?p=2342"},"modified":"2012-09-28T10:12:56","modified_gmt":"2012-09-28T08:12:56","slug":"sap-forum-2012-yepyeni-bir-yaris-16-ekim-2012-istanbul-kongre-merkezi-harbiye","status":"publish","type":"post","link":"https:\/\/www.karadere.com\/blog\/sap-forum-2012-yepyeni-bir-yaris-16-ekim-2012-istanbul-kongre-merkezi-harbiye.html","title":{"rendered":"SAP Forum 2012  Yepyeni Bir Yar\u0131\u015f 16 EK\u0130M 2012 &#8211; \u0130stanbul Kongre Merkezi, Harbiye"},"content":{"rendered":"<figure id=\"attachment_309\" aria-describedby=\"caption-attachment-309\" style=\"width: 230px\" class=\"wp-caption alignleft\"><a href=\"http:\/\/www.karadere.com\/blog\/uploads\/\/2010\/02\/sap-abap-logo.png\"><img loading=\"lazy\" decoding=\"async\" class=\" wp-image-309 \" title=\"sap abap logo  Forum 2012 yeni bir yar\u0131\u015f\" src=\"http:\/\/www.karadere.com\/blog\/uploads\/\/2010\/02\/sap-abap-logo.png\" alt=\"SAP Forum 2012 yeni bir yar\u0131\u015f\" width=\"230\" height=\"121\" \/><\/a><figcaption id=\"caption-attachment-309\" class=\"wp-caption-text\">SAP Forum 2012 Yepyeni Bir Yar\u0131\u015f<\/figcaption><\/figure>\n<p>Merhabalar, ERP devlerinden\u00a0 SAP Turkey\u00a0 san\u0131r\u0131m 2012 de forum d\u00fczenleme rekoru k\u0131racak. SAP &#8216;\u0131n bu y\u0131l \u00e7ok say\u0131da d\u00fczenledi\u011fi forum organizasyonlar\u0131n\u0131n bir yeniside 16 EK\u0130M 2012 d\u00fczenlenecek <strong>Yepyeni Bir Yar\u0131\u015f\u00a0<\/strong>konu ba\u015fl\u0131kl\u0131 forum \u0130stanbul Kongre Merkezi, Harbiye de ger\u00e7ekle\u015fecek. T\u00fcm SAP ERP sistem mod\u00fcl uzmanlar\u0131, kullan\u0131c\u0131lar\u0131 ve geli\u015ftiricilerine duyurulur.<\/p>\n<h2>SAP FORUM \u0130STANBUL Yepyeni Bir Yar\u0131\u015f<\/h2>\n<p><strong>16 Ekim 2012,<\/strong><br \/>\n<strong> \u0130stanbul Kongre Merkezi, Harbiye<\/strong><\/p>\n<p>foruma online kay\u0131t i\u00e7in\u00a0 <a title=\"Sap Forum Kay\u0131t\" href=\"http:\/\/www.sapforumkayit.com\/ \">http:\/\/www.sapforumkayit.com\/\u00a0<\/a> kayit sitesinden giri\u015f yapabilirsiniz.<\/p>\n<p>Forum i\u00e7eri\u011fini indir :\u00a0 <a title=\"SAP Forum 2012 yeni bir yar\u0131\u015f etkinlik  i\u00e7eri\u011fi\" href=\"http:\/\/www.sap.com\/turkey\/about\/events\/forum12\/pdf\/SAP_AJANDA.pdf \">http:\/\/www.sap.com\/turkey\/about\/events\/forum12\/pdf\/SAP_AJANDA.pdf <\/a><\/p>\n<p>Forum \u0130\u00e7eri\u011fi a\u015fa\u011f\u0131dai gibidir.<\/p>\n<p>Bu y\u0131l 17.&#8217;si ger\u00e7ekle\u015fen, T\u00fcrkiye&#8217;nin en geni\u015f kat\u0131l\u0131ml\u0131 teknoloji etkinli\u011fi SAP FORUM, h\u0131zla de\u011fi\u015fen ko\u015fullarda rekabet\u00e7i kalabilmenin yeni y\u00f6ntemini YEPYEN\u0130 B\u0130R YARI\u015e ile sahneye ta\u015f\u0131yor. T\u00fcm sekt\u00f6rlerden orta ve \u00fcst d\u00fczey y\u00f6neticileri a\u011f\u0131rlayacak olan SAP FORUM 16 Ekim Sal\u0131 g\u00fcn\u00fc, \u0130stanbul Kongre Merkezi&#8217;nde ger\u00e7ekle\u015fecek.<\/p>\n<p>Liderli\u011fe oynamak i\u00e7in tek bir boyutta \u00f6nde olmak art\u0131k yetmiyor. B\u00fcy\u00fck ve karma\u015f\u0131k verilerin d\u00fcnyas\u0131nda, s\u0131n\u0131rlardan ba\u011f\u0131ms\u0131z, inovasyonun kilit rol oynad\u0131\u011f\u0131 yeni bir rekabet ortam\u0131 olu\u015fuyor. \u00c7ok boyutlu, yepyeni bir yar\u0131\u015f ba\u015fl\u0131yor.<\/p>\n<p><strong>B\u00fcy\u00fck Verinin Ko\u015fusu<\/strong><\/p>\n<p>SAP Database ve Teknoloji D\u00fcnya Ba\u015fkan\u0131 Steve Lucas&#8217;\u0131n ger\u00e7ekle\u015ftirece\u011fi a\u00e7\u0131l\u0131\u015f konu\u015fmas\u0131, bir i\u015f kolunun sa\u011fl\u0131kl\u0131 y\u00fcr\u00fcd\u00fc\u011f\u00fcne dair belirtiler yakla\u015f\u0131k 100 y\u0131ld\u0131r de\u011fi\u015fmezken, bilgi ve verinin bu sa\u011fl\u0131\u011f\u0131 etkileyebilecek kadar artt\u0131\u011f\u0131 ger\u00e7e\u011fini ele alacak. Lucas, i\u015f d\u00fcnyas\u0131n\u0131n bilinen ger\u00e7eklerine ba\u015fka bir a\u00e7\u0131dan bakarak, dinleyicileri yeni teknolojiler ile tan\u0131\u015ft\u0131racak.<\/p>\n<p><strong>Hayata Fark Atmak<\/strong><\/p>\n<p>48 saat uyumadan, ayakta beslenerek, bir \u00e7\u00f6lde ya da Mont Blanc da\u011flar\u0131nda, s\u0131rt\u0131n\u0131zda 30 kilo y\u00fck ile ko\u015fmak. H\u0131z m\u0131, strateji mi yoksa dayan\u0131kl\u0131l\u0131k m\u0131? \u0130\u015f hayat\u0131 da bir ultra maraton de\u011fil mi? G\u00fcn ortas\u0131 a\u00e7\u0131l\u0131\u015f\u0131nda \u201c<strong>Yar\u0131\u015fmadan yar\u0131\u015fmac\u0131 olunmaz. En iyilerle yar\u0131\u015farak \u00e7\u0131tan\u0131 y\u00fckselteceksin.<\/strong>\u201d diyen T\u00fcrkiye&#8217;nin ilk Ultra Maratoncusu Bakiye Duran dinleyicilere farkl\u0131 bir vizyon katacak konu\u015fmas\u0131 ile sahnede olacak.<\/p>\n<p>Interaktif sunumlar, m\u00fc\u015fteri ba\u015far\u0131 hikayeleri ve SAP&#8217;nin yenilik\u00e7i \u00e7\u00f6z\u00fcmleri ile yar\u0131\u015f\u0131 nas\u0131l farkl\u0131la\u015ft\u0131raca\u011f\u0131n\u0131z\u0131 g\u00f6rmek i\u00e7in 16 Ekim 2012, Sal\u0131 g\u00fcn\u00fc \u0130stanbul Kongre Merkezi&#8217;nde ger\u00e7ekle\u015fecek SAP Forum&#8217;u ka\u00e7\u0131rmay\u0131n.<\/p>\n<p>Sayg\u0131lar\u0131m\u0131zla,<br \/>\n<strong>SAP T\u00fcrkiye <\/strong><\/p>\n<p>Kaynak Soruce :<\/p>\n<p>foruma kat\u0131lmak i\u00e7in\u00a0 <a title=\"Sap Forum Kay\u0131t\" href=\"http:\/\/www.sapforumkayit.com\/ \">http:\/\/www.sapforumkayit.com\/\u00a0<\/a> kayit sitesinden giri\u015f yapabilirsiniz.<\/p>\n<p><a title=\"SAP Turkey\" href=\"http:\/\/www.sap.com\/turkey\/index.epx\">http:\/\/www.sap.com\/turkey\/index.epx<\/a><\/p>\n","protected":false},"excerpt":{"rendered":"<p>Merhabalar, ERP devlerinden  SAP Turkey  san\u0131r\u0131m 2012 de forum d\u00fczenleme rekoru k\u0131racak. SAP &#8216;\u0131n bu y\u0131l \u00e7ok say\u0131da d\u00fczenledi\u011fi forum organizasyonlar\u0131n\u0131n bir yeniside 16 EK\u0130M 2012 d\u00fczenlenecek Yepyeni Bir Yar\u0131\u015f konu ba\u015fl\u0131kl\u0131 forum \u0130stanbul Kongre Merkezi, Harbiye de ger\u00e7ekle\u015fecek.<\/p>\n","protected":false},"author":1,"featured_media":0,"comment_status":"open","ping_status":"open","sticky":false,"template":"","format":"standard","meta":{"om_disable_all_campaigns":false,"_monsterinsights_skip_tracking":false,"_monsterinsights_sitenote_active":false,"_monsterinsights_sitenote_note":"","_monsterinsights_sitenote_category":0,"_uf_show_specific_survey":0,"_uf_disable_surveys":false,"footnotes":"","_links_to":"","_links_to_target":""},"categories":[6,109,45],"tags":[269,285,395,582,907,976,1283,1284,1601,1837,1843,2375],"class_list":["post-2342","post","type-post","status-publish","format-standard","hentry","category-bilisim-it-haber","category-forum","category-sap","tag-16-ekim-2012","tag-285","tag-abap","tag-bilet-al","tag-erp","tag-forum-2","tag-kayit","tag-kayit-yaptir","tag-online","tag-sap","tag-sap-turkey","tag-yeni-bir-yaris","has-post-title","has-post-date","has-post-category","has-post-tag","has-post-comment","has-post-author",""],"aioseo_notices":[],"views":1763,"_links":{"self":[{"href":"https:\/\/www.karadere.com\/blog\/wp-json\/wp\/v2\/posts\/2342","targetHints":{"allow":["GET"]}}],"collection":[{"href":"https:\/\/www.karadere.com\/blog\/wp-json\/wp\/v2\/posts"}],"about":[{"href":"https:\/\/www.karadere.com\/blog\/wp-json\/wp\/v2\/types\/post"}],"author":[{"embeddable":true,"href":"https:\/\/www.karadere.com\/blog\/wp-json\/wp\/v2\/users\/1"}],"replies":[{"embeddable":true,"href":"https:\/\/www.karadere.com\/blog\/wp-json\/wp\/v2\/comments?post=2342"}],"version-history":[{"count":0,"href":"https:\/\/www.karadere.com\/blog\/wp-json\/wp\/v2\/posts\/2342\/revisions"}],"wp:attachment":[{"href":"https:\/\/www.karadere.com\/blog\/wp-json\/wp\/v2\/media?parent=2342"}],"wp:term":[{"taxonomy":"category","embeddable":true,"href":"https:\/\/www.karadere.com\/blog\/wp-json\/wp\/v2\/categories?post=2342"},{"taxonomy":"post_tag","embeddable":true,"href":"https:\/\/www.karadere.com\/blog\/wp-json\/wp\/v2\/tags?post=2342"}],"curies":[{"name":"wp","href":"https:\/\/api.w.org\/{rel}","templated":true}]}}