{"id":1803,"date":"2012-03-05T17:36:49","date_gmt":"2012-03-05T15:36:49","guid":{"rendered":"http:\/\/www.karadere.com\/blog\/?p=1803"},"modified":"2012-03-05T17:36:49","modified_gmt":"2012-03-05T15:36:49","slug":"ubuntu-nedir-ne-degildir-yenir-mi-neden-ubuntu-felsefesi","status":"publish","type":"post","link":"https:\/\/www.karadere.com\/blog\/ubuntu-nedir-ne-degildir-yenir-mi-neden-ubuntu-felsefesi.html","title":{"rendered":"Ubuntu Nedir ? Ne De\u011fildir ! Yenir mi :) Neden Ubuntu Felsefesi  ?"},"content":{"rendered":"<p>Merhaba arkada\u015flar,<\/p>\n<p>Ubuntu kelimesini bir \u00e7o\u011fumuz bir yerlerden duymu\u015fuzdur.<\/p>\n<p>Ubuntu ne de\u011fildir derken asl\u0131nda elle tutulmayan ama hissedilebilen bir\u015fey oldu\u011fundan,\u00a0 konun ba\u015fl\u0131\u011f\u0131n\u0131 biraz d\u00fc\u015f\u00fcnd\u00fcr\u00fcc\u00fc koydum \ud83d\ude42<\/p>\n<p>&nbsp;<\/p>\n<p><a id=\"rg_hl\" href=\"http:\/\/www.google.com.tr\/imgres?q=ubuntu+logo&amp;hl=tr&amp;client=firefox-a&amp;hs=rua&amp;rls=org.mozilla:tr:official&amp;biw=1271&amp;bih=692&amp;tbm=isch&amp;tbnid=F6SEClyr664lqM:&amp;imgrefurl=http:\/\/frendhi.wordpress.com\/2010\/03\/05\/fall-in-love-in-new-ubuntu-logo\/&amp;docid=lP_E4eyqU7juDM&amp;imgurl=http:\/\/frendhi.files.wordpress.com\/2010\/03\/ubuntulogo.png&amp;w=1501&amp;h=391&amp;ei=BdtUT5qKH8GZOvq8pI4L&amp;zoom=1&amp;iact=hc&amp;vpx=259&amp;vpy=232&amp;dur=1023&amp;hovh=114&amp;hovw=440&amp;tx=259&amp;ty=51&amp;sig=111596206974920487292&amp;page=1&amp;tbnh=52&amp;tbnw=199&amp;start=0&amp;ndsp=17&amp;ved=1t:429,r:1,s:0\"><img loading=\"lazy\" decoding=\"async\" id=\"rg_hi\" src=\"http:\/\/t0.gstatic.com\/images?q=tbn:ANd9GcTIDVN4uoAzfM2eHzPJZppQ7aQIlHM6Nzs2oZ9Dwl5E7EjbUeFL\" alt=\"\" width=\"440\" height=\"114\" data-height=\"114\" data-width=\"440\" \/><\/a><\/p>\n<div id=\"rg_ilbg\" class=\"rg_ilbg\" style=\"display: none;\"><span>2\u00a0g\u00fcn\u00a0\u00f6nce<\/span><\/div>\n<div id=\"rg_il\" class=\"rg_il\" style=\"display: none;\">2\u00a0g\u00fcn\u00a0\u00f6nce<\/div>\n<p>&nbsp;<\/p>\n<p>Ubuntu felsefesi kendisini tamamiyle h\u00fcmanist bir d\u00fcnya ile g\u00f6sterir. evet biraz sofistik bir yan\u0131da var.<\/p>\n<p>\u201cLinux for Human\u201d yani \u201cinsan\/insanl\u0131k i\u00e7in Linux\u201d slogan\u0131 ile sunar. Ubuntu\u2019ya kelime anlam\u0131 olarak bakt\u0131\u011f\u0131m\u0131zda hemen hemen ayn\u0131 \u015feylere kar\u015f\u0131l\u0131k gelen deyimsel bir anlam\u0131 oldu\u011fu g\u00f6r\u00fcrs\u00fcn\u00fcz.<\/p>\n<p>Bir ka\u00e7 farkl\u0131 T\u00fcrk\u00e7e kar\u015f\u0131l\u0131\u011f\u0131 ile an\u0131lmas\u0131na kar\u015f\u0131n Ubuntu s\u00f6zc\u00fc\u011f\u00fc geleneksel Afrikal\u0131lar, Zulu ve Xhosa lisan\u0131na g\u00f6re tam bir kar\u015f\u0131l\u0131k olmasa bile deyimsel anlam\u0131n\u0131n karde\u015flik, bar\u0131\u015f, huzur ve payla\u015f\u0131m temalar\u0131 i\u00e7inde ki\u015filerin beraberce bir \u015feyleri ba\u015farabilmesi gibi anlamlar\u0131 i\u015faret eder. \u015fimdi san\u0131r\u0131m soyut k\u0131sm\u0131n\u0131 anlam\u0131\u015fs\u0131n\u0131zd\u0131r.<\/p>\n<p>Evet ubuntu yenilemez ama ubuntu hissedilebilir&#8230;Asl\u0131nda ubuntu windows gibi bir bilgisayar i\u015fletim sistemidir. Yan\u0131 bilgisayar\u0131n ana yaz\u0131l\u0131md\u0131r diyebiliriz.\u00a0 di\u011fer k\u00fc\u00e7\u00fck yaz\u0131l\u0131mlar\u0131n\u0131n onun \u00fczerinde \u00e7al\u0131\u015f\u0131r mesela mail program\u0131 internet taray\u0131c\u0131s\u0131 chat programlar\u0131 vs &#8230; Ve yine burdan \u015fu sonucu \u00e7\u0131karmak \u00e7ok do\u011fru olacakt\u0131r. bu asl\u0131nda bilgisayar\u0131n ana program platformudur. yani baz\u0131lar\u0131 windows platformunu se\u00e7er ve windows \u00fczerindeki windows uyumlu programlar\u0131 sever ve kullan\u0131r ise windows 2\u00e7u dur diyebiliriz.\u00a0 Ne oldu ayr\u0131l\u0131k m\u0131 ba\u015fl\u0131yor \ud83d\ude42 bu ayr\u0131l\u0131k konusunu ayr\u0131ca ele alaca\u011f\u0131zm. (\u00f6z\u00fcm de ben ayr\u0131 gayr\u0131y\u0131 sevmem \u00f6z\u00fcmde)<\/p>\n<p>Ubun Linux t\u00fcrevi diyerek basit \u00e7e tan\u0131mlayabilirim. ama bilmeyenler linux nedir ? diye soracaklar \ud83d\ude42<\/p>\n<p><img loading=\"lazy\" decoding=\"async\" class=\"alignleft size-full wp-image-349\" title=\"logo_ubuntu\" src=\"..\/uploads\/\/2010\/02\/logo_ubuntu.gif\" alt=\"logo_ubuntu\" width=\"217\" height=\"250\" \/><\/p>\n<p><strong>Linux nedir ?<\/strong><\/p>\n<p>Neyse uzatmadan bilgisayarlarda kulland\u0131\u011f\u0131m\u0131z temel program asl\u0131nda i\u015fletim sistemidir bunu bir \u00e7o\u011fu amerikan s\u00f6m\u00fcrgesi microsoft \u00fcr\u00fcn\u00fc windows olarak kullanm\u0131\u015ft\u0131r en az\u0131nda biliyorsunuz.<\/p>\n<p>asl\u0131nda alternatifi vard\u0131 y\u0131lalrd\u0131r linux tur. mac os tur ama microsoft un g\u00fc\u00e7l\u00fc lansman\u0131 ile d\u00fcnyaya sanki ba\u015fka alternatifi yokmu\u015f gibi insanlara bu yaz\u0131l\u0131m\u0131 adeta a\u015f\u0131lamas\u0131ndan bir al\u0131\u015fkanl\u0131k kazanmas\u0131da microsoftun malesef istem d\u0131\u015f\u0131 zorlama ba\u015far\u0131s\u0131d\u0131r . alternatifleri ba\u015fl\u0131ca Linux \u00fctrevleri (birden fazla linux t\u00fcrleri vard\u0131r.)<\/p>\n<p>peki linux t\u00fcrevleri nedir ? neler dir ? neden ihtiya\u00e7 var.<\/p>\n<p>en temelde windows ve linux u bir birindne ay\u0131ran \u00f6zellik copyleft ve copyright . windows microsoft firmas\u0131n\u0131n para kazanmak ama\u00e7l\u0131 kapal\u0131 geli\u015ftirdi\u011fi yani geli\u015ftirme yaz\u0131l\u0131m\u00a0 kodlar\u0131 sadece \u00fcretici firma microsoftta bulunan i\u00e7inde nas\u0131l bir kod oldu\u011funu kimsenin bilmedi\u011fi s\u00f6zle\u015fmeler le kab\u00fcl ettiren bir firma \u00fcr\u00fcn\u00fcd\u00fcr. insanlar paras\u0131n\u0131 verip veya vermeyip al\u0131rlar. Linux ise kar ama\u00e7 g\u00fctmeyen bir firmaya ba\u011fl\u0131 olamadan a\u00e7\u0131k kaynak kodlu programlama kodlar\u0131 herkeze a\u00e7\u0131k i\u00e7inde gizli bir kod yok\u00a0 buras\u0131 \u00f6nemli bir \u00e7ok ki\u015fi taraf\u0131ndan g\u00f6n\u00fcl vermi\u015f ki\u015filer taraf\u0131ndan geli\u015ftirilen bir i\u015fletim sistemidir.\u00a0 i\u015fte felsefe ve g\u00f6n\u00fcl burda ba\u015flar.<\/p>\n<p>Belli bir grup bu linux ana kdolar\u0131n\u0131 geli\u015ftirerek farkl\u0131 ekran g\u00f6r\u00fcnt\u00fcl\u00fc t\u00fcrevlerini \u00fcretirler buda ayr\u0131 bir felsefe ak\u0131m\u0131d\u0131r. Red hat , mandrake, 2000 y\u0131lalr\u0131n efsane gruplar\u0131ndand\u0131 2005 y\u0131llar\u0131nda ise Afrikadan bir ses geldi ve insanl\u0131\u011f\u0131 bu Ubuntu karde\u015flik kelimesi t\u00fcrevini \u00fcretti ve maddi bir sponsor da bularak 2012 y\u0131l\u0131nda linux &#8216;un en g\u00fc\u00e7l\u00fc en \u00e7ok kullan\u0131lan t\u00fcrevi olan ubuntuyu olu\u015fturdu.\u00a0\u00a0 \u0130lk ba\u015flarda 6 s\u00fcr\u00fcm\u00fc ile tan\u0131\u015ft\u0131m s\u00fcrekli kararl\u0131 destek verilmesi ile kararl\u0131 s\u00fcr\u00fcm 8 \u00e7\u0131kt\u0131 ve \u015fu s\u0131ralar 12.04 s\u00fcr\u00fcm\u00fc betas\u0131 teste sunulmu\u015f durumda&#8230;.<\/p>\n<p>Ubuntuyu usb den \u00e7al\u0131\u015ft\u0131rarakta kullanabilirsiniz.\u00a0 CD den direk temp olarak ram den \u00e7al\u0131\u015ft\u0131r\u0131pta k\u0131s\u0131tl\u0131 deniyebilirsiniz.<\/p>\n<p>En \u00e7ok sevdi\u011fim \u00f6zelli\u011fi i\u015fletim sistemi kurarken\u00a0 internet eri\u015fimin olmas\u0131 \ud83d\ude42 ka\u00e7 sistem vard\u0131r b\u00f6ylesine kullan\u0131c\u0131 dostu.<\/p>\n<p>Ubuntu normal d\u00fczeydeki bilgisayr kullan\u0131c\u0131lar\u0131na ilk ba\u015flarda itici gelebilir\u00a0 bu sadece piskolojideki benimsemeden ba\u015fka bi\u015fey de\u011fildir ubuntuyu benimsemi\u015f biri olarak\u00a0 bunu s\u00f6yl\u00fcyorum .<\/p>\n<p>ba\u015fl\u0131ca kullanabilece\u011finiz uygulamalar http:\/\/www.karadere.com\/blog\/ubuntu-programlar.html<\/p>\n<p>10.10 mavric merak\u00a0 kulaln\u0131yorum 12.04 kararl\u0131 s\u00fcr\u00fcm \u00e7\u0131kt\u0131\u011f\u0131nda\u00a0 ge\u00e7ece\u011fim.<\/p>\n<p>&nbsp;<\/p>\n<p>K\u0131saca \u00f6zg\u00fcrl\u00fck i\u00e7in \u00f6zg\u00fcr insanc\u0131l karde\u015flerimin beraberce geli\u015fime a\u00e7\u0131k ortamlarda y\u00fcr\u00fct\u00fckleri yenilikleri seviyorsan\u0131z. S\u00f6m\u00fcr\u00fclmeye kar\u015f\u0131 iseniz \u00f6zg\u00fcrl\u00fck i\u00e7in linux \u00f6zg\u00fcrl\u00fck i\u00e7in ubuntu diyorum.<\/p>\n<p>t\u00fcrkiye ekibi\u00a0 http:\/\/www.ubuntu-tr.net\/<\/p>\n<p>http:\/\/tr.wikipedia.org\/wiki\/Ubuntu<\/p>\n<p>Ubuntunun y\u00fckseli\u015f analizi i\u00e7in bir site\u00a0 http:\/\/tr.wikipedia.org\/wiki\/DistroWatch<\/p>\n<p>http:\/\/www.ubuntu.com\/<\/p>\n<p>Eski red hat&#8217;\u00e7\u0131 ,\u00a0 \u015fimdilerde Ubuntu kullan\u0131yor.<\/p>\n<p>&nbsp;<\/p>\n<p>konuya benzer di\u011fer bir yaz\u0131m http:\/\/www.karadere.com\/blog\/linux-aski-ve-ubuntu.html<\/p>\n<p><span class=\"rg_ctlv\"><br \/>\n<\/span><\/p>\n<p>&nbsp;<\/p>\n<p><a id=\"rg_hl\" href=\"http:\/\/www.google.com.tr\/imgres?q=ubuntu+12.04&amp;start=15&amp;num=10&amp;hl=tr&amp;client=firefox-a&amp;hs=Dua&amp;rls=org.mozilla:tr:official&amp;biw=1271&amp;bih=692&amp;addh=36&amp;tbm=isch&amp;tbnid=gPcmXy4M-Ftx_M:&amp;imgrefurl=http:\/\/www.bilisimplatformu.com\/forum\/konu-ubuntu-12-04-lts-precise-pangolin-alpha-1.html&amp;docid=GUuhsFoLTUOusM&amp;imgurl=http:\/\/ompldr.org\/vYmpoaA&amp;w=650&amp;h=370&amp;ei=3dpUT5WOLMbtObLy7PAM&amp;zoom=1&amp;iact=hc&amp;vpx=173&amp;vpy=258&amp;dur=2112&amp;hovh=169&amp;hovw=298&amp;tx=198&amp;ty=88&amp;sig=111596206974920487292&amp;sqi=2&amp;page=2&amp;tbnh=116&amp;tbnw=204&amp;ndsp=20&amp;ved=1t:429,r:0,s:15\"><img loading=\"lazy\" decoding=\"async\" id=\"rg_hi\" src=\"http:\/\/t2.gstatic.com\/images?q=tbn:ANd9GcRAb3__VT-u4nRLTNulgQVTMyNSH81XEbZFkuXy8bytyoQ5pxi8\" alt=\"\" width=\"298\" height=\"169\" data-height=\"169\" data-width=\"298\" \/><\/a><img loading=\"lazy\" decoding=\"async\" id=\"il_fi\" src=\"http:\/\/4.bp.blogspot.com\/-rWOLG0_izfs\/TtosqcqXamI\/AAAAAAAAALQ\/hyc9xnQMDno\/s1600\/Upcoming-Features-of-Ubuntu-12-04-LTS.jpg\" alt=\"\" width=\"451\" height=\"243\" \/><\/p>\n<p>&nbsp;<\/p>\n","protected":false},"excerpt":{"rendered":"<p>Merhaba arkada\u015flar,<\/p>\n<p>ubuntu kelimesini bir \u00e7o\u011fumuz bir yerlerden duymu\u015fuzdur.<\/p>\n<p>Ubuntu ne de\u011fildir derken asl\u0131nda elle tutulmayan ama hissedilebilen bir\u015fey oldu\u011fundan, konun ba\u015fl\u0131\u011f\u0131n\u0131 biraz d\u00fc\u015f\u00fcnd\u00fcr\u00fcc\u00fc koydum \ud83d\ude42<\/p>\n<p>Ubuntu felsefesi kendisini tamamiyle h\u00fcmanist bir d\u00fcnya ile g\u00f6sterir. evet biraz sofistik bir yan\u0131da var.<\/p>\n<p> \u201cLinux for Human\u201d yani \u201cinsan\/insanl\u0131k i\u00e7in Linux\u201d slogan\u0131 ile sunar. Ubuntu\u2019ya kelime anlam\u0131 olarak bakt\u0131\u011f\u0131m\u0131zda hemen hemen ayn\u0131 \u015feylere kar\u015f\u0131l\u0131k gelen deyimsel bir anlam\u0131 oldu\u011fu g\u00f6r\u00fcrs\u00fcn\u00fcz.<\/p>\n<p> Bir ka\u00e7 farkl\u0131 T\u00fcrk\u00e7e kar\u015f\u0131l\u0131\u011f\u0131 ile an\u0131lmas\u0131na kar\u015f\u0131n Ubuntu s\u00f6zc\u00fc\u011f\u00fc geleneksel Afrikal\u0131lar, Zulu ve Xhosa lisan\u0131na g\u00f6re tam bir kar\u015f\u0131l\u0131k olmasa bile deyimsel anlam\u0131n\u0131n karde\u015flik, bar\u0131\u015f, huzur ve payla\u015f\u0131m temalar\u0131 i\u00e7inde ki\u015filerin beraberce bir \u015feyleri ba\u015farabilmesi gibi anlamlar\u0131 i\u015faret eder. \u015fimdi san\u0131r\u0131m soyut k\u0131sm\u0131n\u0131 anlam\u0131\u015fs\u0131n\u0131zd\u0131r.<\/p>\n<p>Evet ubuntu yenilemez ama ubuntu hissedilebilir&#8230;Asl\u0131nda ubuntu windows gibi bir bilgisayar i\u015fletim sistemidir. Yan\u0131 bilgisayar\u0131n ana yaz\u0131l\u0131md\u0131r diyebiliriz.  di\u011fer k\u00fc\u00e7\u00fck yaz\u0131l\u0131mlar\u0131n\u0131n onun \u00fczerinde \u00e7al\u0131\u015f\u0131r mesela mail program\u0131 internet taray\u0131c\u0131s\u0131 chat programlar\u0131 vs &#8230; Ve yine burdan \u015fu sonucu \u00e7\u0131karmak \u00e7ok do\u011fru olacakt\u0131r. bu asl\u0131nda bilgisayar\u0131n ana program platformudur. yani baz\u0131lar\u0131 windows platformunu se\u00e7er ve windows \u00fczerindeki windows uyumlu programlar\u0131 sever ve kullan\u0131r ise windows 2\u00e7u dur diyebiliriz.  Ne oldu ayr\u0131l\u0131k m\u0131 ba\u015fl\u0131yor \ud83d\ude42 bu ayr\u0131l\u0131k konusunu ayr\u0131ca ele alaca\u011f\u0131zm. (ben ayr\u0131 gayr\u0131y\u0131 sevmem \u00f6z\u00fcmde)<\/p>\n","protected":false},"author":1,"featured_media":0,"comment_status":"open","ping_status":"open","sticky":false,"template":"","format":"standard","meta":{"om_disable_all_campaigns":false,"_monsterinsights_skip_tracking":false,"_monsterinsights_sitenote_active":false,"_monsterinsights_sitenote_note":"","_monsterinsights_sitenote_category":0,"_uf_show_specific_survey":0,"_uf_disable_surveys":false,"footnotes":"","_links_to":"","_links_to_target":""},"categories":[41,59],"tags":[1388,1540,1637,1638,2127,2129,2386],"class_list":["post-1803","post","type-post","status-publish","format-standard","hentry","category-programlama-software","category-ubuntu","tag-linux-nedir","tag-ne-degildir","tag-ozgurluk-felsefesi","tag-ozgurluk-icin","tag-ubuntu-felsefesi","tag-ubuntu-nedir","tag-yenir-mi","has-post-title","has-post-date","has-post-category","has-post-tag","has-post-comment","has-post-author",""],"aioseo_notices":[],"views":6360,"_links":{"self":[{"href":"https:\/\/www.karadere.com\/blog\/wp-json\/wp\/v2\/posts\/1803","targetHints":{"allow":["GET"]}}],"collection":[{"href":"https:\/\/www.karadere.com\/blog\/wp-json\/wp\/v2\/posts"}],"about":[{"href":"https:\/\/www.karadere.com\/blog\/wp-json\/wp\/v2\/types\/post"}],"author":[{"embeddable":true,"href":"https:\/\/www.karadere.com\/blog\/wp-json\/wp\/v2\/users\/1"}],"replies":[{"embeddable":true,"href":"https:\/\/www.karadere.com\/blog\/wp-json\/wp\/v2\/comments?post=1803"}],"version-history":[{"count":0,"href":"https:\/\/www.karadere.com\/blog\/wp-json\/wp\/v2\/posts\/1803\/revisions"}],"wp:attachment":[{"href":"https:\/\/www.karadere.com\/blog\/wp-json\/wp\/v2\/media?parent=1803"}],"wp:term":[{"taxonomy":"category","embeddable":true,"href":"https:\/\/www.karadere.com\/blog\/wp-json\/wp\/v2\/categories?post=1803"},{"taxonomy":"post_tag","embeddable":true,"href":"https:\/\/www.karadere.com\/blog\/wp-json\/wp\/v2\/tags?post=1803"}],"curies":[{"name":"wp","href":"https:\/\/api.w.org\/{rel}","templated":true}]}}